{"id":33768,"date":"2023-08-24T17:57:18","date_gmt":"2023-08-24T20:57:18","guid":{"rendered":"https:\/\/www.elpolitologoyelpolitico.com.ar\/wordpress\/?p=33768"},"modified":"2023-08-24T17:57:20","modified_gmt":"2023-08-24T20:57:20","slug":"trabajamos-con-firmeza-ante-eventuales-hechos-delictivos-organizados","status":"publish","type":"post","link":"https:\/\/www.elpolitologoyelpolitico.com.ar\/wordpress\/2023\/08\/24\/trabajamos-con-firmeza-ante-eventuales-hechos-delictivos-organizados\/","title":{"rendered":"\u201cTrabajamos con firmeza ante eventuales hechos delictivos organizados\u201d"},"content":{"rendered":"\n<p>La Gobernadora Arabela Carreras destac\u00f3 hoy la importancia del trabajo conjunto entre el Gobierno, Naci\u00f3n y las fuerzas de Seguridad provinciales y nacionales, as\u00ed como la Justicia para prevenir y controlar cualquier eventual hecho delictivo organizado contra comercios en la provincia.<\/p>\n\n\n\n<p>\u201cEstamos llevando adelante una tarea conjunta con tranquilidad pero mucha firmeza, y hay mucha decisi\u00f3n tambi\u00e9n de parte de la Fiscal\u00eda para reunir las pruebas que terminen en la condena de las personas involucradas\u201d, sostuvo Carreras.<\/p>\n\n\n\n<p>De esta manera, la Mandataria se refiri\u00f3 hoy a los hechos delictivos ocurridos en la noche del martes y madrugada del lunes en San Carlos de Bariloche, situaci\u00f3n que fue controlada por efectivos de la Polic\u00eda de R\u00edo Negro, que luego recibi\u00f3 el apoyo de fuerzas federales.<\/p>\n\n\n\n<p>Carreras destac\u00f3 la importancia de la presencia de las fuerzas federales para colaborar con la Polic\u00eda de R\u00edo Negro en las tareas de prevenci\u00f3n de este tipo de delitos. En tal sentido, confirm\u00f3 gestiones ante el Ministerio de Seguridad de la Naci\u00f3n.<\/p>\n\n\n\n<p>Explic\u00f3 que \u201canoche hubo un grupo de personas que manifest\u00f3 en las calles de la ciudad, sobre todo en la zona de la rotonda frente a Diarco, que fue repelida por la Polic\u00eda alrededor de la 1,30 de este mi\u00e9rcoles. Por supuesto nos pusimos en comunicaci\u00f3n con el Ministerio de Seguridad de la Naci\u00f3n, entendiendo adem\u00e1s que muchas provincias ten\u00edan una novedad en este sentido en la tarde\/noche de ayer\u201d.<\/p>\n\n\n\n<p>\u201cFinalmente, luego que la Polic\u00eda de R\u00edo Negro controlara la situaci\u00f3n,&nbsp; alrededor de las 2 logramos la presencia de Gendarmer\u00eda a partir del di\u00e1logo con Mercedes La Gioiosa, Secretaria de Seguridad y Pol\u00edtica Criminal de la Naci\u00f3n, lo que aporta tranquilidad porque acompa\u00f1a el recorrido, cuidado de los comercios. Tambi\u00e9n est\u00e1 colaborando la Polic\u00eda Federal, y este trabajo en conjunto nos ha aportado una cuota m\u00e1s de seguridad\u201d, indic\u00f3 en di\u00e1logo con Radio Seis Bariloche.<\/p>\n\n\n\n<p>La Gobernadora remarc\u00f3 que \u201cestamos trabajando desde hace d\u00edas en esta tem\u00e1tica, y hay personas detenidas tanto en San Carlos de Bariloche como en otros lugares de la provincia luego de distintos allanamientos. Los instigadores est\u00e1n siendo identificados y seguramente ser\u00e1n procesados. En tanto, ayer se dio la circunstancia de la proliferaci\u00f3n de mensajes falsos sobre hechos que no estaban ocurriendo y supuestos desmanes en comercios que no eran tales\u201d.<\/p>\n\n\n\n<p>\u201cEs importante destacar la labor de la Polic\u00eda de R\u00edo Negro para controlar la situaci\u00f3n y evitar desmanes, as\u00ed como la colaboraci\u00f3n de muchos vecinos que de buena fe. En este marco, tambi\u00e9n trabajamos en coordinaci\u00f3n con el Intendente y el Municipio\u201d, explic\u00f3.<\/p>\n\n\n\n<p>En este marco, la Gobernadora Carreras destac\u00f3 que \u201cse est\u00e1 llevando adelante un trabajo en conjunto con tranquilidad pero mucha firmeza\u201d, resaltando que \u201chay una firme decisi\u00f3n de parte de la Fiscal\u00eda para reunir las pruebas que terminen en la condena de estas personas\u201d.<\/p>\n\n\n\n<p>Finalmente, la Mandataria consider\u00f3 que \u201cno podemos hablar aun de vinculaciones pol\u00edticas con estos hechos, pero s\u00ed de delincuencia, porque hay personas identificadas con pasado delictivo que est\u00e1n protagonizando estos actos de vandalismo. Tambi\u00e9n vemos oportunismo en algunas personas para hacerse de alg\u00fan elemento o producto por fuera de la ley. Las circunstancias del pa\u00eds con una econom\u00eda agobiante lo que redunda en el padecimiento y zozobra y malestar de muchas familias, lo que es aprovechado por algunos grupos de delincuentes\u201d.<\/p>\n<div class=\"fb-background-color\">\n\t\t\t  <div \n\t\t\t  \tclass = \"fb-comments\" \n\t\t\t  \tdata-href = \"https:\/\/www.elpolitologoyelpolitico.com.ar\/wordpress\/2023\/08\/24\/trabajamos-con-firmeza-ante-eventuales-hechos-delictivos-organizados\/\"\n\t\t\t  \tdata-numposts = \"10\"\n\t\t\t  \tdata-lazy = \"true\"\n\t\t\t\tdata-colorscheme = \"light\"\n\t\t\t\tdata-order-by = \"social\"\n\t\t\t\tdata-mobile=true>\n\t\t\t  <\/div><\/div>\n\t\t  <style>\n\t\t    .fb-background-color {\n\t\t\t\tbackground: #ffffff !important;\n\t\t\t}\n\t\t\t.fb_iframe_widget_fluid_desktop iframe {\n\t\t\t    width: 100% !important;\n\t\t\t}\n\t\t  <\/style>\n\t\t  ","protected":false},"excerpt":{"rendered":"<p>La Gobernadora Arabela Carreras destac\u00f3 hoy la importancia del trabajo conjunto entre el Gobierno, Naci\u00f3n y las fuerzas de Seguridad provinciales y nacionales, as\u00ed como la Justicia para prevenir y controlar cualquier eventual hecho delictivo organizado contra comercios en la provincia. \u201cEstamos llevando adelante una tarea conjunta con tranquilidad pero mucha firmeza, y hay mucha [&hellip;]<\/p>\n","protected":false},"author":4,"featured_media":33769,"comment_status":"closed","ping_status":"closed","sticky":false,"template":"","format":"standard","meta":{"_joinchat":[],"footnotes":""},"categories":[39],"tags":[],"class_list":["post-33768","post","type-post","status-publish","format-standard","has-post-thumbnail","hentry","category-en-esta-seccion"],"_links":{"self":[{"href":"https:\/\/www.elpolitologoyelpolitico.com.ar\/wordpress\/wp-json\/wp\/v2\/posts\/33768","targetHints":{"allow":["GET"]}}],"collection":[{"href":"https:\/\/www.elpolitologoyelpolitico.com.ar\/wordpress\/wp-json\/wp\/v2\/posts"}],"about":[{"href":"https:\/\/www.elpolitologoyelpolitico.com.ar\/wordpress\/wp-json\/wp\/v2\/types\/post"}],"author":[{"embeddable":true,"href":"https:\/\/www.elpolitologoyelpolitico.com.ar\/wordpress\/wp-json\/wp\/v2\/users\/4"}],"replies":[{"embeddable":true,"href":"https:\/\/www.elpolitologoyelpolitico.com.ar\/wordpress\/wp-json\/wp\/v2\/comments?post=33768"}],"version-history":[{"count":0,"href":"https:\/\/www.elpolitologoyelpolitico.com.ar\/wordpress\/wp-json\/wp\/v2\/posts\/33768\/revisions"}],"wp:featuredmedia":[{"embeddable":true,"href":"https:\/\/www.elpolitologoyelpolitico.com.ar\/wordpress\/wp-json\/wp\/v2\/media\/33769"}],"wp:attachment":[{"href":"https:\/\/www.elpolitologoyelpolitico.com.ar\/wordpress\/wp-json\/wp\/v2\/media?parent=33768"}],"wp:term":[{"taxonomy":"category","embeddable":true,"href":"https:\/\/www.elpolitologoyelpolitico.com.ar\/wordpress\/wp-json\/wp\/v2\/categories?post=33768"},{"taxonomy":"post_tag","embeddable":true,"href":"https:\/\/www.elpolitologoyelpolitico.com.ar\/wordpress\/wp-json\/wp\/v2\/tags?post=33768"}],"curies":[{"name":"wp","href":"https:\/\/api.w.org\/{rel}","templated":true}]}}