{"id":33765,"date":"2023-08-24T17:45:00","date_gmt":"2023-08-24T20:45:00","guid":{"rendered":"https:\/\/www.elpolitologoyelpolitico.com.ar\/wordpress\/?p=33765"},"modified":"2023-08-24T17:45:00","modified_gmt":"2023-08-24T20:45:00","slug":"el-ensamble-viento-sur-se-presenta-con-hansel-y-gretel-en-el-camu","status":"publish","type":"post","link":"https:\/\/www.elpolitologoyelpolitico.com.ar\/wordpress\/2023\/08\/24\/el-ensamble-viento-sur-se-presenta-con-hansel-y-gretel-en-el-camu\/","title":{"rendered":"El ensamble \u00abViento Sur\u00bb se presenta con Hansel y Gretel en el CAMU"},"content":{"rendered":"\n<p>Este&nbsp;jueves 24 de agosto&nbsp;desde las 17hs&nbsp;en el Centro de Atenci\u00f3n Municipal se presentar\u00e1 el Ensamble \u201cViento Sur\u201d&nbsp;de la Filarm\u00f3nica&nbsp;de R\u00edo Negro.<\/p>\n\n\n\n<p>La propuesta es con entrada libre y gratuita y forma parte de las celebraciones por el D\u00eda de las Infancias.<\/p>\n\n\n\n<p>Viento Sur presentar\u00e1 una adaptaci\u00f3n para quinteto de vientos de la \u00f3pera Hansen y Gretel, del compositor alem\u00e1n Engelbert Humperdinck.&nbsp;La puesta en escena contar\u00e1 adem\u00e1s con la participaci\u00f3n de la narradora Anyela Cuellar.<\/p>\n\n\n\n<p>Cabe destacar que este mismo espect\u00e1culo estar\u00e1 siendo presentado en distintas escuelas de Viedma, para el deleite de los ni\u00f1os y ni\u00f1as de nuestra ciudad.<\/p>\n\n\n\n<p>El Ensamble&nbsp;Viento Sur est\u00e1 formado por Edel Montani y Leonardo Spelzini en flauta,<br>Gabriel Fonseca en oboe, Bruno Casalini en Clarinete, Ignacio Goya en fagot y Carlos Mirelles en Corno franc\u00e9s.<\/p>\n\n\n\n<p>El Ensamble Viento Sur forman parte de la Orquesta Filarm\u00f3nica de R\u00edo Negro y dependen de la Secretar\u00eda de Estado de Cultura de R\u00edo Negro.<\/p>\n<div class=\"fb-background-color\">\n\t\t\t  <div \n\t\t\t  \tclass = \"fb-comments\" \n\t\t\t  \tdata-href = \"https:\/\/www.elpolitologoyelpolitico.com.ar\/wordpress\/2023\/08\/24\/el-ensamble-viento-sur-se-presenta-con-hansel-y-gretel-en-el-camu\/\"\n\t\t\t  \tdata-numposts = \"10\"\n\t\t\t  \tdata-lazy = \"true\"\n\t\t\t\tdata-colorscheme = \"light\"\n\t\t\t\tdata-order-by = \"social\"\n\t\t\t\tdata-mobile=true>\n\t\t\t  <\/div><\/div>\n\t\t  <style>\n\t\t    .fb-background-color {\n\t\t\t\tbackground: #ffffff !important;\n\t\t\t}\n\t\t\t.fb_iframe_widget_fluid_desktop iframe {\n\t\t\t    width: 100% !important;\n\t\t\t}\n\t\t  <\/style>\n\t\t  ","protected":false},"excerpt":{"rendered":"<p>Este&nbsp;jueves 24 de agosto&nbsp;desde las 17hs&nbsp;en el Centro de Atenci\u00f3n Municipal se presentar\u00e1 el Ensamble \u201cViento Sur\u201d&nbsp;de la Filarm\u00f3nica&nbsp;de R\u00edo Negro. La propuesta es con entrada libre y gratuita y forma parte de las celebraciones por el D\u00eda de las Infancias. Viento Sur presentar\u00e1 una adaptaci\u00f3n para quinteto de vientos de la \u00f3pera Hansen y [&hellip;]<\/p>\n","protected":false},"author":4,"featured_media":33766,"comment_status":"closed","ping_status":"closed","sticky":false,"template":"","format":"standard","meta":{"_joinchat":[],"footnotes":""},"categories":[39],"tags":[],"class_list":["post-33765","post","type-post","status-publish","format-standard","has-post-thumbnail","hentry","category-en-esta-seccion"],"_links":{"self":[{"href":"https:\/\/www.elpolitologoyelpolitico.com.ar\/wordpress\/wp-json\/wp\/v2\/posts\/33765","targetHints":{"allow":["GET"]}}],"collection":[{"href":"https:\/\/www.elpolitologoyelpolitico.com.ar\/wordpress\/wp-json\/wp\/v2\/posts"}],"about":[{"href":"https:\/\/www.elpolitologoyelpolitico.com.ar\/wordpress\/wp-json\/wp\/v2\/types\/post"}],"author":[{"embeddable":true,"href":"https:\/\/www.elpolitologoyelpolitico.com.ar\/wordpress\/wp-json\/wp\/v2\/users\/4"}],"replies":[{"embeddable":true,"href":"https:\/\/www.elpolitologoyelpolitico.com.ar\/wordpress\/wp-json\/wp\/v2\/comments?post=33765"}],"version-history":[{"count":0,"href":"https:\/\/www.elpolitologoyelpolitico.com.ar\/wordpress\/wp-json\/wp\/v2\/posts\/33765\/revisions"}],"wp:featuredmedia":[{"embeddable":true,"href":"https:\/\/www.elpolitologoyelpolitico.com.ar\/wordpress\/wp-json\/wp\/v2\/media\/33766"}],"wp:attachment":[{"href":"https:\/\/www.elpolitologoyelpolitico.com.ar\/wordpress\/wp-json\/wp\/v2\/media?parent=33765"}],"wp:term":[{"taxonomy":"category","embeddable":true,"href":"https:\/\/www.elpolitologoyelpolitico.com.ar\/wordpress\/wp-json\/wp\/v2\/categories?post=33765"},{"taxonomy":"post_tag","embeddable":true,"href":"https:\/\/www.elpolitologoyelpolitico.com.ar\/wordpress\/wp-json\/wp\/v2\/tags?post=33765"}],"curies":[{"name":"wp","href":"https:\/\/api.w.org\/{rel}","templated":true}]}}