{"id":33745,"date":"2023-08-23T18:30:50","date_gmt":"2023-08-23T21:30:50","guid":{"rendered":"https:\/\/www.elpolitologoyelpolitico.com.ar\/wordpress\/?p=33745"},"modified":"2023-08-23T20:23:41","modified_gmt":"2023-08-23T23:23:41","slug":"la-municipalidad-de-patagones-y-cementos-del-valle-presentaron-la-propuesta-por-el-dia-de-las-infancias","status":"publish","type":"post","link":"https:\/\/www.elpolitologoyelpolitico.com.ar\/wordpress\/2023\/08\/23\/la-municipalidad-de-patagones-y-cementos-del-valle-presentaron-la-propuesta-por-el-dia-de-las-infancias\/","title":{"rendered":"La Municipalidad de Patagones y Cementos del Valle presentaron la propuesta por el d\u00eda de las Infancias"},"content":{"rendered":"\n<p>Este mi\u00e9rcoles, el Intendente Municipal, Ing. Jos\u00e9 Luis Zara, presidi\u00f3 en su despacho la conferencia de prensa en el marco de los festejos por el D\u00eda de la Ni\u00f1ez y las Infancias, cuya jornada tendr\u00e1 lugar en el predio del Ferrocarril de Carmen de Patones, el pr\u00f3ximo 2 de septiembre.<\/p>\n\n\n\n<p>Estuvo acompa\u00f1ado por el Jefe de Gabinete, Fabio Bettinelli, el Secretario de Desarrollo Social, Leandro Merlo Ezcurra, el Secretario de Seguridad, Sandro Pino, el Director de Cultura, Vicente Paredes, la Directora de Ni\u00f1ez, Adolescencia, Juventud y G\u00e9nero, Jorgelina Castronovo, por la firma Cementos del Valle: Walter y Karen Colombil, y por el Bloque Juntos, su presidenta, Romina Colombi.<\/p>\n\n\n\n<p>Al inicio de la conferencia, el Intendente agradeci\u00f3 la presencia de los representantes de la empresa Cementos del Valle, al tiempo que confirm\u00f3: \u201cestamos aqu\u00ed para anunciar el festejo del D\u00eda de las Infancias, el pr\u00f3ximo s\u00e1bado 2 de septiembre, para nuestros ni\u00f1os y ni\u00f1as de Carmen de Patagones nuevamente a partir del trabajo en conjunto con la empresa de Walter Colombil, sabiendo que es un d\u00eda muy importante para los m\u00e1s peque\u00f1os, para que puedan disfrutar en familia, junto a sus padres\u201d.<\/p>\n\n\n\n<p>\u201cEn la \u00faltima fiesta que hicimos hubo una gran concentraci\u00f3n y la intenci\u00f3n es que sea lo mismo, un d\u00eda para disfrutar\u201d, remarc\u00f3 Zara.<\/p>\n\n\n\n<p>Por su parte, Walter Colombil, se\u00f1al\u00f3: \u201cpara nosotros es un gusto nuevamente poder estar con el Estado y destacar la grandeza del Estado de interpretar que el privado tambi\u00e9n puede sumar y se compromete con la sociedad en estas \u00e9pocas tan dif\u00edciles para auspiciar esta fecha tan importante para los chicos\u201d.<\/p>\n\n\n\n<p>\u201cInvitamos a toda la familia, que los padres puedan compartir un lindo d\u00eda con sus hijos, olvidarse de los problemas econ\u00f3micos que estamos pasando todos. La idea es compartir un lindo d\u00eda: vamos a tener refrigerio, frutas, agua para el mate y tortas fritas\u201d, a\u00f1adi\u00f3.<\/p>\n\n\n\n<p>Luego, Karen Colombil, expres\u00f3: \u201clos invito a que puedan sumarse a los nuevos juegos que vamos a sumar. Este a\u00f1o hemos decidido traer la tradici\u00f3n nuevamente de jugar a la mancha, a las escondidas, el juego del huevo con la cuchara. Los invitamos a que concurran con su equipo de mate y reposeras, los esperamos a todos\u201d.<\/p>\n\n\n\n<p>A continuaci\u00f3n, el Director de Cultura, Vicente Paredes, detall\u00f3 que \u201cel comienzo de la jornada tendr\u00e1 actividades de Deportes y Cultura que van a acompa\u00f1ar toda la tarde, con juegos y la propuesta de participar en familia\u201d.<\/p>\n\n\n\n<p>\u201cEl evento inicia a las 14.30 horas y desde ese momento estar\u00e1 todo dispuesto hasta las 17.30 horas\u201d, concluy\u00f3 el funcionario.<\/p>\n\n\n\n<figure class=\"wp-block-gallery has-nested-images columns-default is-cropped wp-block-gallery-1 is-layout-flex wp-block-gallery-is-layout-flex\">\n<figure class=\"wp-block-image size-large\"><img fetchpriority=\"high\" decoding=\"async\" width=\"1024\" height=\"768\" data-id=\"33747\" src=\"https:\/\/www.elpolitologoyelpolitico.com.ar\/wp-content\/uploads\/2023\/08\/IMG-20230823-WA0011-1-1024x768.jpg\" alt=\"\" class=\"wp-image-33747\" srcset=\"https:\/\/www.elpolitologoyelpolitico.com.ar\/wp-content\/uploads\/2023\/08\/IMG-20230823-WA0011-1-1024x768.jpg 1024w, https:\/\/www.elpolitologoyelpolitico.com.ar\/wp-content\/uploads\/2023\/08\/IMG-20230823-WA0011-1-300x225.jpg 300w, https:\/\/www.elpolitologoyelpolitico.com.ar\/wp-content\/uploads\/2023\/08\/IMG-20230823-WA0011-1-768x576.jpg 768w, https:\/\/www.elpolitologoyelpolitico.com.ar\/wp-content\/uploads\/2023\/08\/IMG-20230823-WA0011-1.jpg 1280w\" sizes=\"(max-width: 1024px) 100vw, 1024px\" \/><\/figure>\n\n\n\n<figure class=\"wp-block-image size-large\"><img decoding=\"async\" width=\"1024\" height=\"767\" data-id=\"33748\" src=\"https:\/\/www.elpolitologoyelpolitico.com.ar\/wp-content\/uploads\/2023\/08\/IMG-20230823-WA0013-1-1024x767.jpg\" alt=\"\" class=\"wp-image-33748\" srcset=\"https:\/\/www.elpolitologoyelpolitico.com.ar\/wp-content\/uploads\/2023\/08\/IMG-20230823-WA0013-1-1024x767.jpg 1024w, https:\/\/www.elpolitologoyelpolitico.com.ar\/wp-content\/uploads\/2023\/08\/IMG-20230823-WA0013-1-300x225.jpg 300w, https:\/\/www.elpolitologoyelpolitico.com.ar\/wp-content\/uploads\/2023\/08\/IMG-20230823-WA0013-1-768x576.jpg 768w, https:\/\/www.elpolitologoyelpolitico.com.ar\/wp-content\/uploads\/2023\/08\/IMG-20230823-WA0013-1.jpg 1273w\" sizes=\"(max-width: 1024px) 100vw, 1024px\" \/><\/figure>\n<\/figure>\n<div class=\"fb-background-color\">\n\t\t\t  <div \n\t\t\t  \tclass = \"fb-comments\" \n\t\t\t  \tdata-href = \"https:\/\/www.elpolitologoyelpolitico.com.ar\/wordpress\/2023\/08\/23\/la-municipalidad-de-patagones-y-cementos-del-valle-presentaron-la-propuesta-por-el-dia-de-las-infancias\/\"\n\t\t\t  \tdata-numposts = \"10\"\n\t\t\t  \tdata-lazy = \"true\"\n\t\t\t\tdata-colorscheme = \"light\"\n\t\t\t\tdata-order-by = \"social\"\n\t\t\t\tdata-mobile=true>\n\t\t\t  <\/div><\/div>\n\t\t  <style>\n\t\t    .fb-background-color {\n\t\t\t\tbackground: #ffffff !important;\n\t\t\t}\n\t\t\t.fb_iframe_widget_fluid_desktop iframe {\n\t\t\t    width: 100% !important;\n\t\t\t}\n\t\t  <\/style>\n\t\t  ","protected":false},"excerpt":{"rendered":"<p>Este mi\u00e9rcoles, el Intendente Municipal, Ing. Jos\u00e9 Luis Zara, presidi\u00f3 en su despacho la conferencia de prensa en el marco de los festejos por el D\u00eda de la Ni\u00f1ez y las Infancias, cuya jornada tendr\u00e1 lugar en el predio del Ferrocarril de Carmen de Patones, el pr\u00f3ximo 2 de septiembre. Estuvo acompa\u00f1ado por el Jefe [&hellip;]<\/p>\n","protected":false},"author":4,"featured_media":33746,"comment_status":"closed","ping_status":"closed","sticky":false,"template":"","format":"standard","meta":{"_joinchat":[],"footnotes":""},"categories":[39],"tags":[],"class_list":["post-33745","post","type-post","status-publish","format-standard","has-post-thumbnail","hentry","category-en-esta-seccion"],"_links":{"self":[{"href":"https:\/\/www.elpolitologoyelpolitico.com.ar\/wordpress\/wp-json\/wp\/v2\/posts\/33745","targetHints":{"allow":["GET"]}}],"collection":[{"href":"https:\/\/www.elpolitologoyelpolitico.com.ar\/wordpress\/wp-json\/wp\/v2\/posts"}],"about":[{"href":"https:\/\/www.elpolitologoyelpolitico.com.ar\/wordpress\/wp-json\/wp\/v2\/types\/post"}],"author":[{"embeddable":true,"href":"https:\/\/www.elpolitologoyelpolitico.com.ar\/wordpress\/wp-json\/wp\/v2\/users\/4"}],"replies":[{"embeddable":true,"href":"https:\/\/www.elpolitologoyelpolitico.com.ar\/wordpress\/wp-json\/wp\/v2\/comments?post=33745"}],"version-history":[{"count":0,"href":"https:\/\/www.elpolitologoyelpolitico.com.ar\/wordpress\/wp-json\/wp\/v2\/posts\/33745\/revisions"}],"wp:featuredmedia":[{"embeddable":true,"href":"https:\/\/www.elpolitologoyelpolitico.com.ar\/wordpress\/wp-json\/wp\/v2\/media\/33746"}],"wp:attachment":[{"href":"https:\/\/www.elpolitologoyelpolitico.com.ar\/wordpress\/wp-json\/wp\/v2\/media?parent=33745"}],"wp:term":[{"taxonomy":"category","embeddable":true,"href":"https:\/\/www.elpolitologoyelpolitico.com.ar\/wordpress\/wp-json\/wp\/v2\/categories?post=33745"},{"taxonomy":"post_tag","embeddable":true,"href":"https:\/\/www.elpolitologoyelpolitico.com.ar\/wordpress\/wp-json\/wp\/v2\/tags?post=33745"}],"curies":[{"name":"wp","href":"https:\/\/api.w.org\/{rel}","templated":true}]}}