{"id":33732,"date":"2023-08-23T17:44:12","date_gmt":"2023-08-23T20:44:12","guid":{"rendered":"https:\/\/www.elpolitologoyelpolitico.com.ar\/wordpress\/?p=33732"},"modified":"2023-08-23T17:44:14","modified_gmt":"2023-08-23T20:44:14","slug":"viedma-ya-se-disputan-las-finales-de-los-juegos-de-rio-negro-de-atletismo","status":"publish","type":"post","link":"https:\/\/www.elpolitologoyelpolitico.com.ar\/wordpress\/2023\/08\/23\/viedma-ya-se-disputan-las-finales-de-los-juegos-de-rio-negro-de-atletismo\/","title":{"rendered":"Viedma: ya se disputan las finales de los Juegos de R\u00edo Negro de atletismo"},"content":{"rendered":"\n<p>Este martes, en la pista de atletismo municipal de Viedma, comenz\u00f3 de manera oficial la final provincial de los Juegos de R\u00edo Negro que se desarrollar\u00e1 durante los pr\u00f3ximos d\u00edas para todas las categor\u00edas del atletismo convencional.<\/p>\n\n\n\n<p>El secretario de Deportes, Diego Rosati, particip\u00f3 de las primeras acciones que comenzaron ayer con las pruebas de lanzamiento de martillo y las cuales se extender\u00e1n por las pr\u00f3ximas jornadas para las diversas categor\u00edas de la disciplina que re\u00fane atletas de distintos puntos de la provincia.<\/p>\n\n\n\n<p>Adem\u00e1s, est\u00e1 edici\u00f3n servir\u00e1 como selectivo para representar a R\u00edo Negro de cara a los Juegos Nacional Evita que se disputar\u00e1n del 25 al 30 septiembre en Mar del Plata.<\/p>\n\n\n\n<p>El subsecretario de Coordinaci\u00f3n y Deporte Comunitario, Dardo Etchepare, destac\u00f3 el marco de p\u00fablico que tuvo la jornada inaugural y asegur\u00f3 que recibir a los atletas de toda la provincia representa \u201cuna satisfacci\u00f3n enorme\u201d.<\/p>\n\n\n\n<p>\u201cTodo lo que se est\u00e1 haciendo en la provincia es important\u00edsimo\u201d valor\u00f3 Etchepare y agreg\u00f3 que \u201cen este momento hay un colectivo que est\u00e1 viajando a Buenos Aires para disputar los Juegos Evita Urbanos; el s\u00e1bado, domingo y lunes tenemos las finales de los Juegos para personas mayores, otro evento que nos lleva una log\u00edstica importante\u201d.<\/p>\n\n\n\n<p>El Subsecretario finaliz\u00f3 afirmando que \u201cconvocar masivamente a esta gente nos da mucha satisfacci\u00f3n pero fundamentalmente nos da la tranquilidad de saber que hemos hecho todo el trabajo en la provincia y reunirlos ac\u00e1 es maravilloso\u201d.<\/p>\n\n\n\n<p>Las finales contar\u00e1n en esta edici\u00f3n con la participaci\u00f3n de aproximadamente 300 chicos y chicas de todo R\u00edo Negro, con 13 atletas por categor\u00eda de cada Municipio de la provincia.<\/p>\n\n\n\n<p>Por su parte, V\u00edctor G\u00f3mez Silva, referente de la organizaci\u00f3n de las finales coment\u00f3 que el desarrollo de las actividades significa \u201cdarle conclusi\u00f3n a un trabajo que venimos haciendo durante todo el a\u00f1o\u201d.<\/p>\n\n\n\n<p>G\u00f3mez Silva a\u00f1adi\u00f3 que \u201ceste a\u00f1o los Juegos vuelven a ser selectivos para los Juegos Evita, lo que es un incentivo extra para las y los atletas\u201d.<\/p>\n\n\n\n<p>\u201cEs importante que estos chicos tengan un buen seguimiento, que se les d\u00e9 el apoyo que corresponde para desde aqu\u00ed en m\u00e1s seguir logrando resultados y llevarlos al plano de federativos\u201d concluy\u00f3.<\/p>\n\n\n\n<figure class=\"wp-block-gallery has-nested-images columns-default is-cropped wp-block-gallery-1 is-layout-flex wp-block-gallery-is-layout-flex\">\n<figure class=\"wp-block-image size-large\"><img fetchpriority=\"high\" decoding=\"async\" width=\"1024\" height=\"615\" data-id=\"33734\" src=\"https:\/\/www.elpolitologoyelpolitico.com.ar\/wp-content\/uploads\/2023\/08\/IMG-20230823-WA0007-1024x615.jpg\" alt=\"\" class=\"wp-image-33734\" srcset=\"https:\/\/www.elpolitologoyelpolitico.com.ar\/wp-content\/uploads\/2023\/08\/IMG-20230823-WA0007-1024x615.jpg 1024w, https:\/\/www.elpolitologoyelpolitico.com.ar\/wp-content\/uploads\/2023\/08\/IMG-20230823-WA0007-300x180.jpg 300w, https:\/\/www.elpolitologoyelpolitico.com.ar\/wp-content\/uploads\/2023\/08\/IMG-20230823-WA0007-768x461.jpg 768w, https:\/\/www.elpolitologoyelpolitico.com.ar\/wp-content\/uploads\/2023\/08\/IMG-20230823-WA0007.jpg 1124w\" sizes=\"(max-width: 1024px) 100vw, 1024px\" \/><\/figure>\n\n\n\n<figure class=\"wp-block-image size-large\"><img decoding=\"async\" width=\"1024\" height=\"631\" data-id=\"33735\" src=\"https:\/\/www.elpolitologoyelpolitico.com.ar\/wp-content\/uploads\/2023\/08\/IMG-20230823-WA0005-1024x631.jpg\" alt=\"\" class=\"wp-image-33735\" srcset=\"https:\/\/www.elpolitologoyelpolitico.com.ar\/wp-content\/uploads\/2023\/08\/IMG-20230823-WA0005-1024x631.jpg 1024w, https:\/\/www.elpolitologoyelpolitico.com.ar\/wp-content\/uploads\/2023\/08\/IMG-20230823-WA0005-300x185.jpg 300w, https:\/\/www.elpolitologoyelpolitico.com.ar\/wp-content\/uploads\/2023\/08\/IMG-20230823-WA0005-768x473.jpg 768w, https:\/\/www.elpolitologoyelpolitico.com.ar\/wp-content\/uploads\/2023\/08\/IMG-20230823-WA0005.jpg 1280w\" sizes=\"(max-width: 1024px) 100vw, 1024px\" \/><\/figure>\n<\/figure>\n<div class=\"fb-background-color\">\n\t\t\t  <div \n\t\t\t  \tclass = \"fb-comments\" \n\t\t\t  \tdata-href = \"https:\/\/www.elpolitologoyelpolitico.com.ar\/wordpress\/2023\/08\/23\/viedma-ya-se-disputan-las-finales-de-los-juegos-de-rio-negro-de-atletismo\/\"\n\t\t\t  \tdata-numposts = \"10\"\n\t\t\t  \tdata-lazy = \"true\"\n\t\t\t\tdata-colorscheme = \"light\"\n\t\t\t\tdata-order-by = \"social\"\n\t\t\t\tdata-mobile=true>\n\t\t\t  <\/div><\/div>\n\t\t  <style>\n\t\t    .fb-background-color {\n\t\t\t\tbackground: #ffffff !important;\n\t\t\t}\n\t\t\t.fb_iframe_widget_fluid_desktop iframe {\n\t\t\t    width: 100% !important;\n\t\t\t}\n\t\t  <\/style>\n\t\t  ","protected":false},"excerpt":{"rendered":"<p>Este martes, en la pista de atletismo municipal de Viedma, comenz\u00f3 de manera oficial la final provincial de los Juegos de R\u00edo Negro que se desarrollar\u00e1 durante los pr\u00f3ximos d\u00edas para todas las categor\u00edas del atletismo convencional. El secretario de Deportes, Diego Rosati, particip\u00f3 de las primeras acciones que comenzaron ayer con las pruebas de [&hellip;]<\/p>\n","protected":false},"author":4,"featured_media":33733,"comment_status":"closed","ping_status":"closed","sticky":false,"template":"","format":"standard","meta":{"_joinchat":[],"footnotes":""},"categories":[1],"tags":[],"class_list":["post-33732","post","type-post","status-publish","format-standard","has-post-thumbnail","hentry","category-universitario"],"_links":{"self":[{"href":"https:\/\/www.elpolitologoyelpolitico.com.ar\/wordpress\/wp-json\/wp\/v2\/posts\/33732","targetHints":{"allow":["GET"]}}],"collection":[{"href":"https:\/\/www.elpolitologoyelpolitico.com.ar\/wordpress\/wp-json\/wp\/v2\/posts"}],"about":[{"href":"https:\/\/www.elpolitologoyelpolitico.com.ar\/wordpress\/wp-json\/wp\/v2\/types\/post"}],"author":[{"embeddable":true,"href":"https:\/\/www.elpolitologoyelpolitico.com.ar\/wordpress\/wp-json\/wp\/v2\/users\/4"}],"replies":[{"embeddable":true,"href":"https:\/\/www.elpolitologoyelpolitico.com.ar\/wordpress\/wp-json\/wp\/v2\/comments?post=33732"}],"version-history":[{"count":0,"href":"https:\/\/www.elpolitologoyelpolitico.com.ar\/wordpress\/wp-json\/wp\/v2\/posts\/33732\/revisions"}],"wp:featuredmedia":[{"embeddable":true,"href":"https:\/\/www.elpolitologoyelpolitico.com.ar\/wordpress\/wp-json\/wp\/v2\/media\/33733"}],"wp:attachment":[{"href":"https:\/\/www.elpolitologoyelpolitico.com.ar\/wordpress\/wp-json\/wp\/v2\/media?parent=33732"}],"wp:term":[{"taxonomy":"category","embeddable":true,"href":"https:\/\/www.elpolitologoyelpolitico.com.ar\/wordpress\/wp-json\/wp\/v2\/categories?post=33732"},{"taxonomy":"post_tag","embeddable":true,"href":"https:\/\/www.elpolitologoyelpolitico.com.ar\/wordpress\/wp-json\/wp\/v2\/tags?post=33732"}],"curies":[{"name":"wp","href":"https:\/\/api.w.org\/{rel}","templated":true}]}}