{"id":33727,"date":"2023-08-23T17:32:58","date_gmt":"2023-08-23T20:32:58","guid":{"rendered":"https:\/\/www.elpolitologoyelpolitico.com.ar\/wordpress\/?p=33727"},"modified":"2023-08-23T17:32:59","modified_gmt":"2023-08-23T20:32:59","slug":"se-viene-el-2-encuentro-de-talleres-culturales-para-adultos","status":"publish","type":"post","link":"https:\/\/www.elpolitologoyelpolitico.com.ar\/wordpress\/2023\/08\/23\/se-viene-el-2-encuentro-de-talleres-culturales-para-adultos\/","title":{"rendered":"Se viene el 2\u00b0 Encuentro de talleres culturales para adultos"},"content":{"rendered":"\n<p>Los d\u00edas 23, 24 y 25 de agosto el gobierno de Viedma llevar\u00e1 adelante el 2\u00b0 Encuentro de Talleres Municipales para adultos organizado por la subsecretar\u00eda de Cultura.<\/p>\n\n\n\n<p>Las actividades se realizar\u00e1n en el Centro Municipal de Cultura con entrada libre y gratuita a toda la comunidad.<\/p>\n\n\n\n<p>El objetivo de estas propuestas es lograr el intercambio, la comunicaci\u00f3n y el disfrute entre las y los participantes&nbsp; por lo que mostrar\u00e1n como procesos art\u00edsticos de cada taller&nbsp; lo que vienen produciendo en esta primera etapa del a\u00f1o.<\/p>\n\n\n\n<p>Adem\u00e1s el Encuentro contar\u00e1 con espect\u00e1culos de apertura, muestras art\u00edsticas, instancias de formaci\u00f3n y el \u00faltimo d\u00eda,&nbsp; subir\u00e1n al escenario de la sala mayor, las y los protagonistas.<\/p>\n\n\n\n<p>Agenda de Actividades<\/p>\n\n\n\n<p>El mi\u00e9rcoles 23 , a las 20, se inaugurar\u00e1 y dar\u00e1 apertura con la presentaci\u00f3n del Coro Municipal dirigido por Hern\u00e1n P\u00e9rez Hueso y&nbsp; del Taller de Tango del CAMU &nbsp;coordinado por Luis Le\u00f3n. Adem\u00e1s se podr\u00e1n recorrer&nbsp; las muestras de cer\u00e1mica y objetos reciclados en hall y pasillos del Centro Cultural Costanera. En tanto, el jueves 24, a partir de las 18:30, se dictar\u00e1n tres talleres en simult\u00e1neo destinados a los alumnos y alumnas que asisten a los talleres municipales de Adultos.<\/p>\n\n\n\n<p>Por \u00faltimo, el viernes 25, a las 19, se presentar\u00e1n en el escenario mayor los talleres de Canto Colectivo del barrio Guido, Canto Colectivo municipal, el TIM (Taller Integral de M\u00fasica), el taller de guitarra municipal, de danza \u201cRa\u00edz Folcl\u00f3rica\u201d y de Aer\u00f3fonos.<\/p>\n<div class=\"fb-background-color\">\n\t\t\t  <div \n\t\t\t  \tclass = \"fb-comments\" \n\t\t\t  \tdata-href = \"https:\/\/www.elpolitologoyelpolitico.com.ar\/wordpress\/2023\/08\/23\/se-viene-el-2-encuentro-de-talleres-culturales-para-adultos\/\"\n\t\t\t  \tdata-numposts = \"10\"\n\t\t\t  \tdata-lazy = \"true\"\n\t\t\t\tdata-colorscheme = \"light\"\n\t\t\t\tdata-order-by = \"social\"\n\t\t\t\tdata-mobile=true>\n\t\t\t  <\/div><\/div>\n\t\t  <style>\n\t\t    .fb-background-color {\n\t\t\t\tbackground: #ffffff !important;\n\t\t\t}\n\t\t\t.fb_iframe_widget_fluid_desktop iframe {\n\t\t\t    width: 100% !important;\n\t\t\t}\n\t\t  <\/style>\n\t\t  ","protected":false},"excerpt":{"rendered":"<p>Los d\u00edas 23, 24 y 25 de agosto el gobierno de Viedma llevar\u00e1 adelante el 2\u00b0 Encuentro de Talleres Municipales para adultos organizado por la subsecretar\u00eda de Cultura. Las actividades se realizar\u00e1n en el Centro Municipal de Cultura con entrada libre y gratuita a toda la comunidad. El objetivo de estas propuestas es lograr el [&hellip;]<\/p>\n","protected":false},"author":4,"featured_media":33728,"comment_status":"closed","ping_status":"closed","sticky":false,"template":"","format":"standard","meta":{"_joinchat":[],"footnotes":""},"categories":[39],"tags":[],"class_list":["post-33727","post","type-post","status-publish","format-standard","has-post-thumbnail","hentry","category-en-esta-seccion"],"_links":{"self":[{"href":"https:\/\/www.elpolitologoyelpolitico.com.ar\/wordpress\/wp-json\/wp\/v2\/posts\/33727","targetHints":{"allow":["GET"]}}],"collection":[{"href":"https:\/\/www.elpolitologoyelpolitico.com.ar\/wordpress\/wp-json\/wp\/v2\/posts"}],"about":[{"href":"https:\/\/www.elpolitologoyelpolitico.com.ar\/wordpress\/wp-json\/wp\/v2\/types\/post"}],"author":[{"embeddable":true,"href":"https:\/\/www.elpolitologoyelpolitico.com.ar\/wordpress\/wp-json\/wp\/v2\/users\/4"}],"replies":[{"embeddable":true,"href":"https:\/\/www.elpolitologoyelpolitico.com.ar\/wordpress\/wp-json\/wp\/v2\/comments?post=33727"}],"version-history":[{"count":0,"href":"https:\/\/www.elpolitologoyelpolitico.com.ar\/wordpress\/wp-json\/wp\/v2\/posts\/33727\/revisions"}],"wp:featuredmedia":[{"embeddable":true,"href":"https:\/\/www.elpolitologoyelpolitico.com.ar\/wordpress\/wp-json\/wp\/v2\/media\/33728"}],"wp:attachment":[{"href":"https:\/\/www.elpolitologoyelpolitico.com.ar\/wordpress\/wp-json\/wp\/v2\/media?parent=33727"}],"wp:term":[{"taxonomy":"category","embeddable":true,"href":"https:\/\/www.elpolitologoyelpolitico.com.ar\/wordpress\/wp-json\/wp\/v2\/categories?post=33727"},{"taxonomy":"post_tag","embeddable":true,"href":"https:\/\/www.elpolitologoyelpolitico.com.ar\/wordpress\/wp-json\/wp\/v2\/tags?post=33727"}],"curies":[{"name":"wp","href":"https:\/\/api.w.org\/{rel}","templated":true}]}}