{"id":33722,"date":"2023-08-23T09:48:07","date_gmt":"2023-08-23T12:48:07","guid":{"rendered":"https:\/\/www.elpolitologoyelpolitico.com.ar\/wordpress\/?p=33722"},"modified":"2023-08-23T09:48:09","modified_gmt":"2023-08-23T12:48:09","slug":"los-ninos-de-san-blas-festejaron-su-dia-con-una-gran-fiesta","status":"publish","type":"post","link":"https:\/\/www.elpolitologoyelpolitico.com.ar\/wordpress\/2023\/08\/23\/los-ninos-de-san-blas-festejaron-su-dia-con-una-gran-fiesta\/","title":{"rendered":"Los ni\u00f1os de San Blas festejaron su d\u00eda con una gran fiesta"},"content":{"rendered":"\n<p>La jornada del domingo, 20 de agosto, visti\u00f3 de diversi\u00f3n a Bah\u00eda San Blas, y los chicos fueron los protagonistas.<\/p>\n\n\n\n<p>Desde las dos y media de la tarde, el festejo por el d\u00eda de las infancias llen\u00f3 de color y alegr\u00eda la jornada en San Blas, se comparti\u00f3 chocolate y tortas fritas, hubo juegos inflables, metegol, f\u00fatbol, v\u00f3ley, tejo y payasos que amenizaron el momento.<\/p>\n\n\n\n<p>De esa manera los chicos de la localidad disfrutaron de una tarde con mucha diversi\u00f3n y festejaron as\u00ed su d\u00eda.<\/p>\n\n\n\n<p>La actividad coordinada por el Club Social y Deportivo Bah\u00eda San Blas, cont\u00f3 con el apoyo de la Delegaci\u00f3n Municipal de Bah\u00eda San Blas, la Direcci\u00f3n de Deportes de Patagones, la Direcci\u00f3n de Cultura de Patagones y Bomberos Voluntarios de la localidad.<\/p>\n\n\n\n<figure class=\"wp-block-gallery has-nested-images columns-default is-cropped wp-block-gallery-1 is-layout-flex wp-block-gallery-is-layout-flex\">\n<figure class=\"wp-block-image size-large\"><img fetchpriority=\"high\" decoding=\"async\" width=\"480\" height=\"216\" data-id=\"33724\" src=\"https:\/\/www.elpolitologoyelpolitico.com.ar\/wp-content\/uploads\/2023\/08\/IMG-20230823-WA0000.jpg\" alt=\"\" class=\"wp-image-33724\" srcset=\"https:\/\/www.elpolitologoyelpolitico.com.ar\/wp-content\/uploads\/2023\/08\/IMG-20230823-WA0000.jpg 480w, https:\/\/www.elpolitologoyelpolitico.com.ar\/wp-content\/uploads\/2023\/08\/IMG-20230823-WA0000-300x135.jpg 300w\" sizes=\"(max-width: 480px) 100vw, 480px\" \/><\/figure>\n\n\n\n<figure class=\"wp-block-image size-large\"><img decoding=\"async\" width=\"480\" height=\"216\" data-id=\"33725\" src=\"https:\/\/www.elpolitologoyelpolitico.com.ar\/wp-content\/uploads\/2023\/08\/IMG-20230823-WA0002.jpg\" alt=\"\" class=\"wp-image-33725\" srcset=\"https:\/\/www.elpolitologoyelpolitico.com.ar\/wp-content\/uploads\/2023\/08\/IMG-20230823-WA0002.jpg 480w, https:\/\/www.elpolitologoyelpolitico.com.ar\/wp-content\/uploads\/2023\/08\/IMG-20230823-WA0002-300x135.jpg 300w\" sizes=\"(max-width: 480px) 100vw, 480px\" \/><\/figure>\n<\/figure>\n<div class=\"fb-background-color\">\n\t\t\t  <div \n\t\t\t  \tclass = \"fb-comments\" \n\t\t\t  \tdata-href = \"https:\/\/www.elpolitologoyelpolitico.com.ar\/wordpress\/2023\/08\/23\/los-ninos-de-san-blas-festejaron-su-dia-con-una-gran-fiesta\/\"\n\t\t\t  \tdata-numposts = \"10\"\n\t\t\t  \tdata-lazy = \"true\"\n\t\t\t\tdata-colorscheme = \"light\"\n\t\t\t\tdata-order-by = \"social\"\n\t\t\t\tdata-mobile=true>\n\t\t\t  <\/div><\/div>\n\t\t  <style>\n\t\t    .fb-background-color {\n\t\t\t\tbackground: #ffffff !important;\n\t\t\t}\n\t\t\t.fb_iframe_widget_fluid_desktop iframe {\n\t\t\t    width: 100% !important;\n\t\t\t}\n\t\t  <\/style>\n\t\t  ","protected":false},"excerpt":{"rendered":"<p>La jornada del domingo, 20 de agosto, visti\u00f3 de diversi\u00f3n a Bah\u00eda San Blas, y los chicos fueron los protagonistas. Desde las dos y media de la tarde, el festejo por el d\u00eda de las infancias llen\u00f3 de color y alegr\u00eda la jornada en San Blas, se comparti\u00f3 chocolate y tortas fritas, hubo juegos inflables, [&hellip;]<\/p>\n","protected":false},"author":4,"featured_media":33723,"comment_status":"closed","ping_status":"closed","sticky":false,"template":"","format":"standard","meta":{"_joinchat":[],"footnotes":""},"categories":[39],"tags":[],"class_list":["post-33722","post","type-post","status-publish","format-standard","has-post-thumbnail","hentry","category-en-esta-seccion"],"_links":{"self":[{"href":"https:\/\/www.elpolitologoyelpolitico.com.ar\/wordpress\/wp-json\/wp\/v2\/posts\/33722","targetHints":{"allow":["GET"]}}],"collection":[{"href":"https:\/\/www.elpolitologoyelpolitico.com.ar\/wordpress\/wp-json\/wp\/v2\/posts"}],"about":[{"href":"https:\/\/www.elpolitologoyelpolitico.com.ar\/wordpress\/wp-json\/wp\/v2\/types\/post"}],"author":[{"embeddable":true,"href":"https:\/\/www.elpolitologoyelpolitico.com.ar\/wordpress\/wp-json\/wp\/v2\/users\/4"}],"replies":[{"embeddable":true,"href":"https:\/\/www.elpolitologoyelpolitico.com.ar\/wordpress\/wp-json\/wp\/v2\/comments?post=33722"}],"version-history":[{"count":0,"href":"https:\/\/www.elpolitologoyelpolitico.com.ar\/wordpress\/wp-json\/wp\/v2\/posts\/33722\/revisions"}],"wp:featuredmedia":[{"embeddable":true,"href":"https:\/\/www.elpolitologoyelpolitico.com.ar\/wordpress\/wp-json\/wp\/v2\/media\/33723"}],"wp:attachment":[{"href":"https:\/\/www.elpolitologoyelpolitico.com.ar\/wordpress\/wp-json\/wp\/v2\/media?parent=33722"}],"wp:term":[{"taxonomy":"category","embeddable":true,"href":"https:\/\/www.elpolitologoyelpolitico.com.ar\/wordpress\/wp-json\/wp\/v2\/categories?post=33722"},{"taxonomy":"post_tag","embeddable":true,"href":"https:\/\/www.elpolitologoyelpolitico.com.ar\/wordpress\/wp-json\/wp\/v2\/tags?post=33722"}],"curies":[{"name":"wp","href":"https:\/\/api.w.org\/{rel}","templated":true}]}}