{"id":33719,"date":"2023-08-23T00:41:06","date_gmt":"2023-08-23T00:41:06","guid":{"rendered":"https:\/\/www.elpolitologoyelpolitico.com.ar\/wordpress\/?p=33719"},"modified":"2023-08-23T00:41:06","modified_gmt":"2023-08-23T00:41:06","slug":"jornadas-de-promocion-de-salud-en-carmen-de-patagones","status":"publish","type":"post","link":"https:\/\/www.elpolitologoyelpolitico.com.ar\/wordpress\/2023\/08\/23\/jornadas-de-promocion-de-salud-en-carmen-de-patagones\/","title":{"rendered":"Jornadas de promoci\u00f3n de salud en Carmen de Patagones"},"content":{"rendered":"\n<p>La Secretar\u00eda de Salud, a trav\u00e9s del \u00c1rea de Coordinaci\u00f3n de Programas Sanitarios realizar\u00e1 jornadas de promoci\u00f3n de la salud y prevenci\u00f3n desde hoy, 22 de agosto al 2 de septiembre.<\/p>\n\n\n\n<p>Ser\u00e1n los martes, jueves y s\u00e1bados de 19 a 21 horas, en la sucursal del supermercado Unicoop, de la calle Espa\u00f1a, de Carmen de Patagones.<\/p>\n\n\n\n<p>Se realizar\u00e1n controles gratuitos de glucemia, tensi\u00f3n arterial y se difundir\u00e1n los distintos servicios y programas sanitarios, adem\u00e1s de las capacitaciones en marcha de RCP y todas las propuestas del programa \u201cMovete Patagones\u201d.<\/p>\n\n\n\n<p>Luego, la actividad se trasladar\u00e1 a la sucursal de la Avenida Per\u00f3n, desde el 5 al 16 de septiembre.<\/p>\n<div class=\"fb-background-color\">\n\t\t\t  <div \n\t\t\t  \tclass = \"fb-comments\" \n\t\t\t  \tdata-href = \"https:\/\/www.elpolitologoyelpolitico.com.ar\/wordpress\/2023\/08\/23\/jornadas-de-promocion-de-salud-en-carmen-de-patagones\/\"\n\t\t\t  \tdata-numposts = \"10\"\n\t\t\t  \tdata-lazy = \"true\"\n\t\t\t\tdata-colorscheme = \"light\"\n\t\t\t\tdata-order-by = \"social\"\n\t\t\t\tdata-mobile=true>\n\t\t\t  <\/div><\/div>\n\t\t  <style>\n\t\t    .fb-background-color {\n\t\t\t\tbackground: #ffffff !important;\n\t\t\t}\n\t\t\t.fb_iframe_widget_fluid_desktop iframe {\n\t\t\t    width: 100% !important;\n\t\t\t}\n\t\t  <\/style>\n\t\t  ","protected":false},"excerpt":{"rendered":"<p>La Secretar\u00eda de Salud, a trav\u00e9s del \u00c1rea de Coordinaci\u00f3n de Programas Sanitarios realizar\u00e1 jornadas de promoci\u00f3n de la salud y prevenci\u00f3n desde hoy, 22 de agosto al 2 de septiembre. Ser\u00e1n los martes, jueves y s\u00e1bados de 19 a 21 horas, en la sucursal del supermercado Unicoop, de la calle Espa\u00f1a, de Carmen de [&hellip;]<\/p>\n","protected":false},"author":4,"featured_media":33720,"comment_status":"closed","ping_status":"closed","sticky":false,"template":"","format":"standard","meta":{"_joinchat":[],"footnotes":""},"categories":[39],"tags":[],"class_list":["post-33719","post","type-post","status-publish","format-standard","has-post-thumbnail","hentry","category-en-esta-seccion"],"_links":{"self":[{"href":"https:\/\/www.elpolitologoyelpolitico.com.ar\/wordpress\/wp-json\/wp\/v2\/posts\/33719","targetHints":{"allow":["GET"]}}],"collection":[{"href":"https:\/\/www.elpolitologoyelpolitico.com.ar\/wordpress\/wp-json\/wp\/v2\/posts"}],"about":[{"href":"https:\/\/www.elpolitologoyelpolitico.com.ar\/wordpress\/wp-json\/wp\/v2\/types\/post"}],"author":[{"embeddable":true,"href":"https:\/\/www.elpolitologoyelpolitico.com.ar\/wordpress\/wp-json\/wp\/v2\/users\/4"}],"replies":[{"embeddable":true,"href":"https:\/\/www.elpolitologoyelpolitico.com.ar\/wordpress\/wp-json\/wp\/v2\/comments?post=33719"}],"version-history":[{"count":0,"href":"https:\/\/www.elpolitologoyelpolitico.com.ar\/wordpress\/wp-json\/wp\/v2\/posts\/33719\/revisions"}],"wp:featuredmedia":[{"embeddable":true,"href":"https:\/\/www.elpolitologoyelpolitico.com.ar\/wordpress\/wp-json\/wp\/v2\/media\/33720"}],"wp:attachment":[{"href":"https:\/\/www.elpolitologoyelpolitico.com.ar\/wordpress\/wp-json\/wp\/v2\/media?parent=33719"}],"wp:term":[{"taxonomy":"category","embeddable":true,"href":"https:\/\/www.elpolitologoyelpolitico.com.ar\/wordpress\/wp-json\/wp\/v2\/categories?post=33719"},{"taxonomy":"post_tag","embeddable":true,"href":"https:\/\/www.elpolitologoyelpolitico.com.ar\/wordpress\/wp-json\/wp\/v2\/tags?post=33719"}],"curies":[{"name":"wp","href":"https:\/\/api.w.org\/{rel}","templated":true}]}}