{"id":33707,"date":"2023-08-22T15:12:17","date_gmt":"2023-08-22T15:12:17","guid":{"rendered":"https:\/\/www.elpolitologoyelpolitico.com.ar\/wordpress\/?p=33707"},"modified":"2023-08-22T15:12:19","modified_gmt":"2023-08-22T15:12:19","slug":"el-sindicato-de-cuidadores-domiciliarios-de-rio-negro-y-el-ipross-acordaron-un-aumento-del-9","status":"publish","type":"post","link":"https:\/\/www.elpolitologoyelpolitico.com.ar\/wordpress\/2023\/08\/22\/el-sindicato-de-cuidadores-domiciliarios-de-rio-negro-y-el-ipross-acordaron-un-aumento-del-9\/","title":{"rendered":"El sindicato de cuidadores domiciliarios de R\u00edo Negro y el IPROSS acordaron un aumento del 9%"},"content":{"rendered":"\n<p>En el marco de una mesa paritaria reunida el 18 de agosto se concreto una mesa paritaria entre la comisi\u00f3n directiva del sindicato CUI.DO Rio Negro compuesta por la secretaria general Haro Ana Maria, secretaria de finanzas Pilquiman Andrea, y secretar\u00eda Administrativa Nahuelquir Lorena, acompa\u00f1adas por el Sr. Hugo Aranea Secretario General de CTA aut\u00f3noma Viedma y el Sr. Fabio Polizzi delegado gremial de ATE, se reunieron con el Presidente de IPROSS el Sr Alejandro Marenco para debatir cuestiones correspondientes a las tarifas del mes de Agosto donde se concreta un aumento del 9% respecto a d\u00edas laborales, fines de semana y feriados (Ipross toma la responsabilidad de presentar la resoluci\u00f3n con valores exactos antes del 1\u00ba de septiembre de 2023).<\/p>\n\n\n\n<p>Este porcentaje es una ayuda que la obra social le otorga a sus afiliados no es el valor total del servicio de Cuidado Polivalente.<\/p>\n\n\n\n<p>Los participantes acuerdan realizar reuniones mensuales que contemplen los cambios econ\u00f3micos debido a la situaci\u00f3n actual del pa\u00eds. Por lo que se determina un pr\u00f3ximo encuentro para el dia 18 de septiembre de 2023.<\/p>\n\n\n\n<p>Tambien se plantearon los siguientes temas:<\/p>\n\n\n\n<p>\u2022Distinci\u00f3n de Tarifa Nocturna<br>\u2022Indumentaria de trabajo<br>\u2022Elementos de Bioseguridad<br>\u2022Seguros de mala praxis o de responsabilidad civil.<\/p>\n\n\n\n<p>Estas cuestiones quedaron abiertas hasta que desde Ipross puedan responder en cada caso.<\/p>\n<div class=\"fb-background-color\">\n\t\t\t  <div \n\t\t\t  \tclass = \"fb-comments\" \n\t\t\t  \tdata-href = \"https:\/\/www.elpolitologoyelpolitico.com.ar\/wordpress\/2023\/08\/22\/el-sindicato-de-cuidadores-domiciliarios-de-rio-negro-y-el-ipross-acordaron-un-aumento-del-9\/\"\n\t\t\t  \tdata-numposts = \"10\"\n\t\t\t  \tdata-lazy = \"true\"\n\t\t\t\tdata-colorscheme = \"light\"\n\t\t\t\tdata-order-by = \"social\"\n\t\t\t\tdata-mobile=true>\n\t\t\t  <\/div><\/div>\n\t\t  <style>\n\t\t    .fb-background-color {\n\t\t\t\tbackground: #ffffff !important;\n\t\t\t}\n\t\t\t.fb_iframe_widget_fluid_desktop iframe {\n\t\t\t    width: 100% !important;\n\t\t\t}\n\t\t  <\/style>\n\t\t  ","protected":false},"excerpt":{"rendered":"<p>En el marco de una mesa paritaria reunida el 18 de agosto se concreto una mesa paritaria entre la comisi\u00f3n directiva del sindicato CUI.DO Rio Negro compuesta por la secretaria general Haro Ana Maria, secretaria de finanzas Pilquiman Andrea, y secretar\u00eda Administrativa Nahuelquir Lorena, acompa\u00f1adas por el Sr. Hugo Aranea Secretario General de CTA aut\u00f3noma [&hellip;]<\/p>\n","protected":false},"author":4,"featured_media":33708,"comment_status":"closed","ping_status":"closed","sticky":false,"template":"","format":"standard","meta":{"_joinchat":[],"footnotes":""},"categories":[39],"tags":[],"class_list":["post-33707","post","type-post","status-publish","format-standard","has-post-thumbnail","hentry","category-en-esta-seccion"],"_links":{"self":[{"href":"https:\/\/www.elpolitologoyelpolitico.com.ar\/wordpress\/wp-json\/wp\/v2\/posts\/33707","targetHints":{"allow":["GET"]}}],"collection":[{"href":"https:\/\/www.elpolitologoyelpolitico.com.ar\/wordpress\/wp-json\/wp\/v2\/posts"}],"about":[{"href":"https:\/\/www.elpolitologoyelpolitico.com.ar\/wordpress\/wp-json\/wp\/v2\/types\/post"}],"author":[{"embeddable":true,"href":"https:\/\/www.elpolitologoyelpolitico.com.ar\/wordpress\/wp-json\/wp\/v2\/users\/4"}],"replies":[{"embeddable":true,"href":"https:\/\/www.elpolitologoyelpolitico.com.ar\/wordpress\/wp-json\/wp\/v2\/comments?post=33707"}],"version-history":[{"count":0,"href":"https:\/\/www.elpolitologoyelpolitico.com.ar\/wordpress\/wp-json\/wp\/v2\/posts\/33707\/revisions"}],"wp:featuredmedia":[{"embeddable":true,"href":"https:\/\/www.elpolitologoyelpolitico.com.ar\/wordpress\/wp-json\/wp\/v2\/media\/33708"}],"wp:attachment":[{"href":"https:\/\/www.elpolitologoyelpolitico.com.ar\/wordpress\/wp-json\/wp\/v2\/media?parent=33707"}],"wp:term":[{"taxonomy":"category","embeddable":true,"href":"https:\/\/www.elpolitologoyelpolitico.com.ar\/wordpress\/wp-json\/wp\/v2\/categories?post=33707"},{"taxonomy":"post_tag","embeddable":true,"href":"https:\/\/www.elpolitologoyelpolitico.com.ar\/wordpress\/wp-json\/wp\/v2\/tags?post=33707"}],"curies":[{"name":"wp","href":"https:\/\/api.w.org\/{rel}","templated":true}]}}