{"id":33696,"date":"2023-08-22T13:22:30","date_gmt":"2023-08-22T13:22:30","guid":{"rendered":"https:\/\/www.elpolitologoyelpolitico.com.ar\/wordpress\/?p=33696"},"modified":"2023-08-22T13:22:32","modified_gmt":"2023-08-22T13:22:32","slug":"viedma-y-bariloche-registraron-indices-superiores-al-90-de-ocupacion","status":"publish","type":"post","link":"https:\/\/www.elpolitologoyelpolitico.com.ar\/wordpress\/2023\/08\/22\/viedma-y-bariloche-registraron-indices-superiores-al-90-de-ocupacion\/","title":{"rendered":"Viedma y Bariloche registraron \u00edndices superiores al 90% de ocupaci\u00f3n\u00a0"},"content":{"rendered":"\n<p>Durante este fin de semana, la provincia recibi\u00f3 a m\u00e1s de 30.000 turistas, siendo la capital rionegrina y la ciudad andina, las que contaron con mayor porcentaje de plazas ocupadas.<\/p>\n\n\n\n<p>En total fueron 33.871 las personas que se alojaron en los 4 destinos m\u00e1s importantes de R\u00edo Negro: Bariloche, El Bols\u00f3n, Viedma y Las Grutas, con un promedio de 2.5 pernoctes, generando un impacto econ\u00f3mico de $9,737,912,500, basado en los promedios de servicios de transporte, alojamiento, comidas y excursi\u00f3n local.<\/p>\n\n\n\n<p>En el caso de Viedma que experiment\u00f3 una ocupaci\u00f3n plena sobre 1264 disponibles, fue debido no solo a las y los visitantes que eligieron el destino para recorrer sus atractivos, sino tambi\u00e9n por diversas competencias deportivas que, como es habitual, colman los alojamientos locales&nbsp;como es el caso del Torneo Provincial de Handball, el Campeonato Provincial de Nataci\u00f3n y la competencia automovil\u00edstica Gran Turismo de la Comarca que concentraron a miles de deportistas, equipos t\u00e9cnicos y aficionados.<\/p>\n\n\n\n<p>Las y los viajeros que llegaron a la ciudad lacustre de San Carlos de Bariloche ocuparon el 90% de la capacidad (31.000). Una cifra que se ha venido manteniendo durante todo el a\u00f1o, con variantes ascendentes durante el mes de agosto, generando en este fin de semana XL.<\/p>\n\n\n\n<p>Otros destinos rionegrinos como El Bols\u00f3n y Las Grutas, dejaron como resultado un 50% de ocupaci\u00f3n en ambos casos, aunque la ciudad mar\u00edtima, viene en alza y proyecta tener unos meses auspiciosos, ya que desde este fin de semana se lanz\u00f3 la temporada de Avistaje de Fauna Marina, un producto tur\u00edstico que cautiva a miles de familias de la regi\u00f3n y el pa\u00eds.<\/p>\n\n\n\n<p><\/p>\n<div class=\"fb-background-color\">\n\t\t\t  <div \n\t\t\t  \tclass = \"fb-comments\" \n\t\t\t  \tdata-href = \"https:\/\/www.elpolitologoyelpolitico.com.ar\/wordpress\/2023\/08\/22\/viedma-y-bariloche-registraron-indices-superiores-al-90-de-ocupacion\/\"\n\t\t\t  \tdata-numposts = \"10\"\n\t\t\t  \tdata-lazy = \"true\"\n\t\t\t\tdata-colorscheme = \"light\"\n\t\t\t\tdata-order-by = \"social\"\n\t\t\t\tdata-mobile=true>\n\t\t\t  <\/div><\/div>\n\t\t  <style>\n\t\t    .fb-background-color {\n\t\t\t\tbackground: #ffffff !important;\n\t\t\t}\n\t\t\t.fb_iframe_widget_fluid_desktop iframe {\n\t\t\t    width: 100% !important;\n\t\t\t}\n\t\t  <\/style>\n\t\t  ","protected":false},"excerpt":{"rendered":"<p>Durante este fin de semana, la provincia recibi\u00f3 a m\u00e1s de 30.000 turistas, siendo la capital rionegrina y la ciudad andina, las que contaron con mayor porcentaje de plazas ocupadas. En total fueron 33.871 las personas que se alojaron en los 4 destinos m\u00e1s importantes de R\u00edo Negro: Bariloche, El Bols\u00f3n, Viedma y Las Grutas, [&hellip;]<\/p>\n","protected":false},"author":4,"featured_media":33697,"comment_status":"closed","ping_status":"closed","sticky":false,"template":"","format":"standard","meta":{"_joinchat":[],"footnotes":""},"categories":[39],"tags":[],"class_list":["post-33696","post","type-post","status-publish","format-standard","has-post-thumbnail","hentry","category-en-esta-seccion"],"_links":{"self":[{"href":"https:\/\/www.elpolitologoyelpolitico.com.ar\/wordpress\/wp-json\/wp\/v2\/posts\/33696","targetHints":{"allow":["GET"]}}],"collection":[{"href":"https:\/\/www.elpolitologoyelpolitico.com.ar\/wordpress\/wp-json\/wp\/v2\/posts"}],"about":[{"href":"https:\/\/www.elpolitologoyelpolitico.com.ar\/wordpress\/wp-json\/wp\/v2\/types\/post"}],"author":[{"embeddable":true,"href":"https:\/\/www.elpolitologoyelpolitico.com.ar\/wordpress\/wp-json\/wp\/v2\/users\/4"}],"replies":[{"embeddable":true,"href":"https:\/\/www.elpolitologoyelpolitico.com.ar\/wordpress\/wp-json\/wp\/v2\/comments?post=33696"}],"version-history":[{"count":0,"href":"https:\/\/www.elpolitologoyelpolitico.com.ar\/wordpress\/wp-json\/wp\/v2\/posts\/33696\/revisions"}],"wp:featuredmedia":[{"embeddable":true,"href":"https:\/\/www.elpolitologoyelpolitico.com.ar\/wordpress\/wp-json\/wp\/v2\/media\/33697"}],"wp:attachment":[{"href":"https:\/\/www.elpolitologoyelpolitico.com.ar\/wordpress\/wp-json\/wp\/v2\/media?parent=33696"}],"wp:term":[{"taxonomy":"category","embeddable":true,"href":"https:\/\/www.elpolitologoyelpolitico.com.ar\/wordpress\/wp-json\/wp\/v2\/categories?post=33696"},{"taxonomy":"post_tag","embeddable":true,"href":"https:\/\/www.elpolitologoyelpolitico.com.ar\/wordpress\/wp-json\/wp\/v2\/tags?post=33696"}],"curies":[{"name":"wp","href":"https:\/\/api.w.org\/{rel}","templated":true}]}}