{"id":33689,"date":"2023-08-22T01:49:45","date_gmt":"2023-08-22T01:49:45","guid":{"rendered":"https:\/\/www.elpolitologoyelpolitico.com.ar\/wordpress\/?p=33689"},"modified":"2023-08-22T01:49:47","modified_gmt":"2023-08-22T01:49:47","slug":"la-panaderia-y-confiteria-la-baguette-inaugura-una-nueva-sucursal-en-av-peron-y-tucuman-en-patagones","status":"publish","type":"post","link":"https:\/\/www.elpolitologoyelpolitico.com.ar\/wordpress\/2023\/08\/22\/la-panaderia-y-confiteria-la-baguette-inaugura-una-nueva-sucursal-en-av-peron-y-tucuman-en-patagones\/","title":{"rendered":"La Panader\u00eda y Confiter\u00eda La Baguette inaugura una nueva sucursal en Av Per\u00f3n y Tucum\u00e1n en Patagones"},"content":{"rendered":"\n<p>Seg\u00fan indicaron los due\u00f1os de la panader\u00eda y confiter\u00eda La Baguette pronto se inaugura un nuevo local en Carmen de Patagones, ubicado en la Av. Per\u00f3n y Tucum\u00e1n.<\/p>\n\n\n\n<p>Hasta el momento ya cuentan con dos sucursales, una en El C\u00f3ndor ubicada en calle 69 N\u00b0 10 y otra en Carmen de Patagones ubicada en Col\u00f3n 367.<\/p>\n\n\n\n<p>Una de las referentes Gladys Sadofschi expres\u00f3<strong> \u201cLa Baguette naci\u00f3 por una idea de Florencia Ben\u00edtez (mi nuera) con mi hijo porque ten\u00edan la ilusi\u00f3n de tener su propio negocio\u201d<\/strong><\/p>\n\n\n\n<p>Agreg\u00f3 \u201c<strong>En El C\u00f3ndor faltaba una panader\u00eda y confiter\u00eda porque todos los d\u00edas los vecinos ten\u00edan que ir a Viedma para buscar facturas, tortas y s\u00e1ndwich. Por eso, Florec\u00eda hablo con la Panader\u00eda San Fernando, les present\u00f3 el proyecto y desde el minuto cero aceptaron\u201d.&nbsp;<\/strong><\/p>\n\n\n\n<p>La Baguette nace el 4 de noviembre del a\u00f1o 2022 y en el mes de marzo del a\u00f1o 2023 abrieron las puertas en Carmen de Patagones (calle Col\u00f3n).<\/p>\n\n\n\n<p>Gladys Sadofschi aclar\u00f3 <strong>\u201cPronto abrimos una nueva sucursal en la calle Per\u00f3n y Tucum\u00e1n con la atenci\u00f3n de Yanina, Gonzalo, Florencia, mi marido y yo. Nos vamos a ir turnando porque es un emprendimiento familiar. Obviamente junto a San Fernando que sin ellos esto no seria posible\u201d&nbsp;<\/strong><\/p>\n\n\n\n<p><strong>\u201cTenemos tartas, tortas, masitas y todo lo que conlleva una panader\u00eda y confiter\u00eda. Tambi\u00e9n, tenemos caf\u00e9 al paso y vamos a incorporar tostados para llevar, no para quedarse ah\u00ed en el lugar\u201d&nbsp;<\/strong><\/p>\n\n\n\n<p>Por \u00faltimo finaliz\u00f3 <strong>\u201cLa fecha de inauguraci\u00f3n del nuevo local seria para fines de agosto o principios de septiembre y solo quedan algunos tramites administrativos para la inauguraci\u00f3n. Estamos muy contentos y seguro que la gente nos va a responder como lo est\u00e1n haciendo hasta ahora. Es una oportunidad que nos esta pasando y no la queremos desaprovechar.<\/strong><\/p>\n\n\n\n<p><strong>\u201cLos vecinos nos pueden encontrar en las redes sociales como La Baguette y en El C\u00f3ndor tenemos servicios de Delivery con cadetes. Queremos incorporarlo en Patagones tambi\u00e9n por si la gente no quiere salir de su casa y se lo llevamos a domicilio\u201d.<\/strong><\/p>\n<div class=\"fb-background-color\">\n\t\t\t  <div \n\t\t\t  \tclass = \"fb-comments\" \n\t\t\t  \tdata-href = \"https:\/\/www.elpolitologoyelpolitico.com.ar\/wordpress\/2023\/08\/22\/la-panaderia-y-confiteria-la-baguette-inaugura-una-nueva-sucursal-en-av-peron-y-tucuman-en-patagones\/\"\n\t\t\t  \tdata-numposts = \"10\"\n\t\t\t  \tdata-lazy = \"true\"\n\t\t\t\tdata-colorscheme = \"light\"\n\t\t\t\tdata-order-by = \"social\"\n\t\t\t\tdata-mobile=true>\n\t\t\t  <\/div><\/div>\n\t\t  <style>\n\t\t    .fb-background-color {\n\t\t\t\tbackground: #ffffff !important;\n\t\t\t}\n\t\t\t.fb_iframe_widget_fluid_desktop iframe {\n\t\t\t    width: 100% !important;\n\t\t\t}\n\t\t  <\/style>\n\t\t  ","protected":false},"excerpt":{"rendered":"<p>Seg\u00fan indicaron los due\u00f1os de la panader\u00eda y confiter\u00eda La Baguette pronto se inaugura un nuevo local en Carmen de Patagones, ubicado en la Av. Per\u00f3n y Tucum\u00e1n. Hasta el momento ya cuentan con dos sucursales, una en El C\u00f3ndor ubicada en calle 69 N\u00b0 10 y otra en Carmen de Patagones ubicada en Col\u00f3n [&hellip;]<\/p>\n","protected":false},"author":4,"featured_media":33690,"comment_status":"closed","ping_status":"closed","sticky":false,"template":"","format":"standard","meta":{"_joinchat":[],"footnotes":""},"categories":[39],"tags":[],"class_list":["post-33689","post","type-post","status-publish","format-standard","has-post-thumbnail","hentry","category-en-esta-seccion"],"_links":{"self":[{"href":"https:\/\/www.elpolitologoyelpolitico.com.ar\/wordpress\/wp-json\/wp\/v2\/posts\/33689","targetHints":{"allow":["GET"]}}],"collection":[{"href":"https:\/\/www.elpolitologoyelpolitico.com.ar\/wordpress\/wp-json\/wp\/v2\/posts"}],"about":[{"href":"https:\/\/www.elpolitologoyelpolitico.com.ar\/wordpress\/wp-json\/wp\/v2\/types\/post"}],"author":[{"embeddable":true,"href":"https:\/\/www.elpolitologoyelpolitico.com.ar\/wordpress\/wp-json\/wp\/v2\/users\/4"}],"replies":[{"embeddable":true,"href":"https:\/\/www.elpolitologoyelpolitico.com.ar\/wordpress\/wp-json\/wp\/v2\/comments?post=33689"}],"version-history":[{"count":0,"href":"https:\/\/www.elpolitologoyelpolitico.com.ar\/wordpress\/wp-json\/wp\/v2\/posts\/33689\/revisions"}],"wp:featuredmedia":[{"embeddable":true,"href":"https:\/\/www.elpolitologoyelpolitico.com.ar\/wordpress\/wp-json\/wp\/v2\/media\/33690"}],"wp:attachment":[{"href":"https:\/\/www.elpolitologoyelpolitico.com.ar\/wordpress\/wp-json\/wp\/v2\/media?parent=33689"}],"wp:term":[{"taxonomy":"category","embeddable":true,"href":"https:\/\/www.elpolitologoyelpolitico.com.ar\/wordpress\/wp-json\/wp\/v2\/categories?post=33689"},{"taxonomy":"post_tag","embeddable":true,"href":"https:\/\/www.elpolitologoyelpolitico.com.ar\/wordpress\/wp-json\/wp\/v2\/tags?post=33689"}],"curies":[{"name":"wp","href":"https:\/\/api.w.org\/{rel}","templated":true}]}}