{"id":33686,"date":"2023-08-21T16:46:00","date_gmt":"2023-08-21T16:46:00","guid":{"rendered":"https:\/\/www.elpolitologoyelpolitico.com.ar\/wordpress\/?p=33686"},"modified":"2023-08-21T16:46:00","modified_gmt":"2023-08-21T16:46:00","slug":"que-sucede-si-una-persona-tiene-domicilio-de-dni-en-viedma-y-en-la-licencia-de-conducir-en-patagones-o-viceversa","status":"publish","type":"post","link":"https:\/\/www.elpolitologoyelpolitico.com.ar\/wordpress\/2023\/08\/21\/que-sucede-si-una-persona-tiene-domicilio-de-dni-en-viedma-y-en-la-licencia-de-conducir-en-patagones-o-viceversa\/","title":{"rendered":"\u00bfQu\u00e9 sucede si una persona tiene domicilio de DNI en Viedma y en la Licencia de Conducir en Patagones o viceversa?"},"content":{"rendered":"\n<p>La Secretar\u00eda de Seguridad informa a la comunidad que se encuentra vigente el Decreto Provincial 532\/09, del reglamento de la Ley de Tr\u00e1nsito de la Provincia de Buenos Aires, cuyo texto dice: \u00abTodo dato del conductor que se encuentre en la Licencia debe estar actualizado en forma permanente debiendo denunciar a la brevedad todo cambio de los datos consignado en ella, en la jurisdicci\u00f3n que corresponda\u201d.<\/p>\n\n\n\n<p>En tal sentido, la normativa sostiene que \u00abtodos los ciudadanos argentinos que hayan mudado de<br>jurisdicci\u00f3n dispone de un plazo de 90(noventa) d\u00edas para regularizar su<br>situaci\u00f3n y tramitar nueva licencia de conducir a partir de la fecha en la que cambiaron los datos de su domicilio en su Documento Nacional de Identidad\u00bb.<\/p>\n\n\n\n<p>La Secretar\u00eda de Seguridad recuerda la ley vigente teniendo en cuenta que, en el \u00faltimo tiempo se han suscitado diversas situaciones donde se han visto<br>infraccionados a los conductores de diversos veh\u00edculos.<\/p>\n<div class=\"fb-background-color\">\n\t\t\t  <div \n\t\t\t  \tclass = \"fb-comments\" \n\t\t\t  \tdata-href = \"https:\/\/www.elpolitologoyelpolitico.com.ar\/wordpress\/2023\/08\/21\/que-sucede-si-una-persona-tiene-domicilio-de-dni-en-viedma-y-en-la-licencia-de-conducir-en-patagones-o-viceversa\/\"\n\t\t\t  \tdata-numposts = \"10\"\n\t\t\t  \tdata-lazy = \"true\"\n\t\t\t\tdata-colorscheme = \"light\"\n\t\t\t\tdata-order-by = \"social\"\n\t\t\t\tdata-mobile=true>\n\t\t\t  <\/div><\/div>\n\t\t  <style>\n\t\t    .fb-background-color {\n\t\t\t\tbackground: #ffffff !important;\n\t\t\t}\n\t\t\t.fb_iframe_widget_fluid_desktop iframe {\n\t\t\t    width: 100% !important;\n\t\t\t}\n\t\t  <\/style>\n\t\t  ","protected":false},"excerpt":{"rendered":"<p>La Secretar\u00eda de Seguridad informa a la comunidad que se encuentra vigente el Decreto Provincial 532\/09, del reglamento de la Ley de Tr\u00e1nsito de la Provincia de Buenos Aires, cuyo texto dice: \u00abTodo dato del conductor que se encuentre en la Licencia debe estar actualizado en forma permanente debiendo denunciar a la brevedad todo cambio [&hellip;]<\/p>\n","protected":false},"author":4,"featured_media":33687,"comment_status":"closed","ping_status":"closed","sticky":false,"template":"","format":"standard","meta":{"_joinchat":[],"footnotes":""},"categories":[39],"tags":[],"class_list":["post-33686","post","type-post","status-publish","format-standard","has-post-thumbnail","hentry","category-en-esta-seccion"],"_links":{"self":[{"href":"https:\/\/www.elpolitologoyelpolitico.com.ar\/wordpress\/wp-json\/wp\/v2\/posts\/33686","targetHints":{"allow":["GET"]}}],"collection":[{"href":"https:\/\/www.elpolitologoyelpolitico.com.ar\/wordpress\/wp-json\/wp\/v2\/posts"}],"about":[{"href":"https:\/\/www.elpolitologoyelpolitico.com.ar\/wordpress\/wp-json\/wp\/v2\/types\/post"}],"author":[{"embeddable":true,"href":"https:\/\/www.elpolitologoyelpolitico.com.ar\/wordpress\/wp-json\/wp\/v2\/users\/4"}],"replies":[{"embeddable":true,"href":"https:\/\/www.elpolitologoyelpolitico.com.ar\/wordpress\/wp-json\/wp\/v2\/comments?post=33686"}],"version-history":[{"count":0,"href":"https:\/\/www.elpolitologoyelpolitico.com.ar\/wordpress\/wp-json\/wp\/v2\/posts\/33686\/revisions"}],"wp:featuredmedia":[{"embeddable":true,"href":"https:\/\/www.elpolitologoyelpolitico.com.ar\/wordpress\/wp-json\/wp\/v2\/media\/33687"}],"wp:attachment":[{"href":"https:\/\/www.elpolitologoyelpolitico.com.ar\/wordpress\/wp-json\/wp\/v2\/media?parent=33686"}],"wp:term":[{"taxonomy":"category","embeddable":true,"href":"https:\/\/www.elpolitologoyelpolitico.com.ar\/wordpress\/wp-json\/wp\/v2\/categories?post=33686"},{"taxonomy":"post_tag","embeddable":true,"href":"https:\/\/www.elpolitologoyelpolitico.com.ar\/wordpress\/wp-json\/wp\/v2\/tags?post=33686"}],"curies":[{"name":"wp","href":"https:\/\/api.w.org\/{rel}","templated":true}]}}