{"id":33683,"date":"2023-08-21T15:59:28","date_gmt":"2023-08-21T15:59:28","guid":{"rendered":"https:\/\/www.elpolitologoyelpolitico.com.ar\/wordpress\/?p=33683"},"modified":"2023-08-21T15:59:29","modified_gmt":"2023-08-21T15:59:29","slug":"refuerzan-la-seguridad-en-varios-supermercados-y-comercios-de-viedma-despues-de-los-saqueos-en-neuquen-mendoza-y-cordoba","status":"publish","type":"post","link":"https:\/\/www.elpolitologoyelpolitico.com.ar\/wordpress\/2023\/08\/21\/refuerzan-la-seguridad-en-varios-supermercados-y-comercios-de-viedma-despues-de-los-saqueos-en-neuquen-mendoza-y-cordoba\/","title":{"rendered":"Refuerzan la seguridad en varios supermercados y comercios de Viedma despues de los saqueos en Neuqu\u00e9n, Mendoza y C\u00f3rdoba"},"content":{"rendered":"\n<p>Argentina est\u00e1 viviendo una situaci\u00f3n cr\u00edtica, en donde el Estado Nacional no responde y est\u00e1 ausente.<\/p>\n\n\n\n<p>Esto ocurre por varias situaciones economicas, politicas y sociales durante los \u00faltimos meses.<\/p>\n\n\n\n<p>La inflacion, el aumento del dolar y debilidad del Estado Nacional, se suma la complejidad social.<\/p>\n\n\n\n<p>En este \u00faltimo caso, se puede observar los saqueos que se vivieron en algunas provincias como Mendoza, Neuqu\u00e9n y C\u00f3rdoba.<\/p>\n\n\n\n<p>La gente esta cansada de la situacion que esta viviendo el pa\u00eds, con el 50% de la poblaci\u00f3n pobre.<\/p>\n\n\n\n<p>En estos \u00faltimos dias, fueron varios los saqueos en comercios chicos y grandes.<\/p>\n\n\n\n<p>Por tal motivo, en Viedma reforzaron la seguridad los comercios y temen abrir sus puertas por supuestos saqueos que se van a realizar en estos dias.<\/p>\n\n\n\n<p>Los comerciantes estan asustados y no saben si abrir sus puertas o no, porque en caso de que ingresen se quedadan sin productos y pierden todo.<\/p>\n<div class=\"fb-background-color\">\n\t\t\t  <div \n\t\t\t  \tclass = \"fb-comments\" \n\t\t\t  \tdata-href = \"https:\/\/www.elpolitologoyelpolitico.com.ar\/wordpress\/2023\/08\/21\/refuerzan-la-seguridad-en-varios-supermercados-y-comercios-de-viedma-despues-de-los-saqueos-en-neuquen-mendoza-y-cordoba\/\"\n\t\t\t  \tdata-numposts = \"10\"\n\t\t\t  \tdata-lazy = \"true\"\n\t\t\t\tdata-colorscheme = \"light\"\n\t\t\t\tdata-order-by = \"social\"\n\t\t\t\tdata-mobile=true>\n\t\t\t  <\/div><\/div>\n\t\t  <style>\n\t\t    .fb-background-color {\n\t\t\t\tbackground: #ffffff !important;\n\t\t\t}\n\t\t\t.fb_iframe_widget_fluid_desktop iframe {\n\t\t\t    width: 100% !important;\n\t\t\t}\n\t\t  <\/style>\n\t\t  ","protected":false},"excerpt":{"rendered":"<p>Argentina est\u00e1 viviendo una situaci\u00f3n cr\u00edtica, en donde el Estado Nacional no responde y est\u00e1 ausente. Esto ocurre por varias situaciones economicas, politicas y sociales durante los \u00faltimos meses. La inflacion, el aumento del dolar y debilidad del Estado Nacional, se suma la complejidad social. En este \u00faltimo caso, se puede observar los saqueos que [&hellip;]<\/p>\n","protected":false},"author":4,"featured_media":33684,"comment_status":"closed","ping_status":"closed","sticky":false,"template":"","format":"standard","meta":{"_joinchat":[],"footnotes":""},"categories":[39],"tags":[],"class_list":["post-33683","post","type-post","status-publish","format-standard","has-post-thumbnail","hentry","category-en-esta-seccion"],"_links":{"self":[{"href":"https:\/\/www.elpolitologoyelpolitico.com.ar\/wordpress\/wp-json\/wp\/v2\/posts\/33683","targetHints":{"allow":["GET"]}}],"collection":[{"href":"https:\/\/www.elpolitologoyelpolitico.com.ar\/wordpress\/wp-json\/wp\/v2\/posts"}],"about":[{"href":"https:\/\/www.elpolitologoyelpolitico.com.ar\/wordpress\/wp-json\/wp\/v2\/types\/post"}],"author":[{"embeddable":true,"href":"https:\/\/www.elpolitologoyelpolitico.com.ar\/wordpress\/wp-json\/wp\/v2\/users\/4"}],"replies":[{"embeddable":true,"href":"https:\/\/www.elpolitologoyelpolitico.com.ar\/wordpress\/wp-json\/wp\/v2\/comments?post=33683"}],"version-history":[{"count":0,"href":"https:\/\/www.elpolitologoyelpolitico.com.ar\/wordpress\/wp-json\/wp\/v2\/posts\/33683\/revisions"}],"wp:featuredmedia":[{"embeddable":true,"href":"https:\/\/www.elpolitologoyelpolitico.com.ar\/wordpress\/wp-json\/wp\/v2\/media\/33684"}],"wp:attachment":[{"href":"https:\/\/www.elpolitologoyelpolitico.com.ar\/wordpress\/wp-json\/wp\/v2\/media?parent=33683"}],"wp:term":[{"taxonomy":"category","embeddable":true,"href":"https:\/\/www.elpolitologoyelpolitico.com.ar\/wordpress\/wp-json\/wp\/v2\/categories?post=33683"},{"taxonomy":"post_tag","embeddable":true,"href":"https:\/\/www.elpolitologoyelpolitico.com.ar\/wordpress\/wp-json\/wp\/v2\/tags?post=33683"}],"curies":[{"name":"wp","href":"https:\/\/api.w.org\/{rel}","templated":true}]}}