{"id":33680,"date":"2023-08-21T15:33:39","date_gmt":"2023-08-21T15:33:39","guid":{"rendered":"https:\/\/www.elpolitologoyelpolitico.com.ar\/wordpress\/?p=33680"},"modified":"2023-08-21T15:33:40","modified_gmt":"2023-08-21T15:33:40","slug":"convocatoria-a-elecciones-para-la-conformacion-de-la-comision-de-fomento-de-villalonga","status":"publish","type":"post","link":"https:\/\/www.elpolitologoyelpolitico.com.ar\/wordpress\/2023\/08\/21\/convocatoria-a-elecciones-para-la-conformacion-de-la-comision-de-fomento-de-villalonga\/","title":{"rendered":"Convocatoria a elecciones para la conformaci\u00f3n de la Comisi\u00f3n de Fomento de Villalonga"},"content":{"rendered":"\n<p>La Direcci\u00f3n de Gobierno convoca a elecciones para el d\u00eda 12 de noviembre del corriente a\u00f1o, para la conformaci\u00f3n de la Comisi\u00f3n de Fomento de la localidad de Villalonga.<\/p>\n\n\n\n<p>La misma se realizar\u00e1 en el horario de 10 a 13, en lugar a confirmar.<\/p>\n\n\n\n<p>Las presentaciones de las listas se deber\u00e1n realizar ante la Junta Electoral que funciona en la Asesor\u00eda Legal de la Municipalidad de Patagones, con una antelaci\u00f3n no menor a veinte d\u00edas a la fecha del comicio.<\/p>\n\n\n\n<p>Los requisitos que deber\u00e1n cumplir para la presentaci\u00f3n de las listas, los establece la Ordenanza Municipal N\u00ba 43\/03 y sus anexos.<\/p>\n<div class=\"fb-background-color\">\n\t\t\t  <div \n\t\t\t  \tclass = \"fb-comments\" \n\t\t\t  \tdata-href = \"https:\/\/www.elpolitologoyelpolitico.com.ar\/wordpress\/2023\/08\/21\/convocatoria-a-elecciones-para-la-conformacion-de-la-comision-de-fomento-de-villalonga\/\"\n\t\t\t  \tdata-numposts = \"10\"\n\t\t\t  \tdata-lazy = \"true\"\n\t\t\t\tdata-colorscheme = \"light\"\n\t\t\t\tdata-order-by = \"social\"\n\t\t\t\tdata-mobile=true>\n\t\t\t  <\/div><\/div>\n\t\t  <style>\n\t\t    .fb-background-color {\n\t\t\t\tbackground: #ffffff !important;\n\t\t\t}\n\t\t\t.fb_iframe_widget_fluid_desktop iframe {\n\t\t\t    width: 100% !important;\n\t\t\t}\n\t\t  <\/style>\n\t\t  ","protected":false},"excerpt":{"rendered":"<p>La Direcci\u00f3n de Gobierno convoca a elecciones para el d\u00eda 12 de noviembre del corriente a\u00f1o, para la conformaci\u00f3n de la Comisi\u00f3n de Fomento de la localidad de Villalonga. La misma se realizar\u00e1 en el horario de 10 a 13, en lugar a confirmar. Las presentaciones de las listas se deber\u00e1n realizar ante la Junta [&hellip;]<\/p>\n","protected":false},"author":4,"featured_media":33681,"comment_status":"closed","ping_status":"closed","sticky":false,"template":"","format":"standard","meta":{"_joinchat":[],"footnotes":""},"categories":[39],"tags":[],"class_list":["post-33680","post","type-post","status-publish","format-standard","has-post-thumbnail","hentry","category-en-esta-seccion"],"_links":{"self":[{"href":"https:\/\/www.elpolitologoyelpolitico.com.ar\/wordpress\/wp-json\/wp\/v2\/posts\/33680","targetHints":{"allow":["GET"]}}],"collection":[{"href":"https:\/\/www.elpolitologoyelpolitico.com.ar\/wordpress\/wp-json\/wp\/v2\/posts"}],"about":[{"href":"https:\/\/www.elpolitologoyelpolitico.com.ar\/wordpress\/wp-json\/wp\/v2\/types\/post"}],"author":[{"embeddable":true,"href":"https:\/\/www.elpolitologoyelpolitico.com.ar\/wordpress\/wp-json\/wp\/v2\/users\/4"}],"replies":[{"embeddable":true,"href":"https:\/\/www.elpolitologoyelpolitico.com.ar\/wordpress\/wp-json\/wp\/v2\/comments?post=33680"}],"version-history":[{"count":0,"href":"https:\/\/www.elpolitologoyelpolitico.com.ar\/wordpress\/wp-json\/wp\/v2\/posts\/33680\/revisions"}],"wp:featuredmedia":[{"embeddable":true,"href":"https:\/\/www.elpolitologoyelpolitico.com.ar\/wordpress\/wp-json\/wp\/v2\/media\/33681"}],"wp:attachment":[{"href":"https:\/\/www.elpolitologoyelpolitico.com.ar\/wordpress\/wp-json\/wp\/v2\/media?parent=33680"}],"wp:term":[{"taxonomy":"category","embeddable":true,"href":"https:\/\/www.elpolitologoyelpolitico.com.ar\/wordpress\/wp-json\/wp\/v2\/categories?post=33680"},{"taxonomy":"post_tag","embeddable":true,"href":"https:\/\/www.elpolitologoyelpolitico.com.ar\/wordpress\/wp-json\/wp\/v2\/tags?post=33680"}],"curies":[{"name":"wp","href":"https:\/\/api.w.org\/{rel}","templated":true}]}}