{"id":33677,"date":"2023-08-20T21:00:09","date_gmt":"2023-08-20T21:00:09","guid":{"rendered":"https:\/\/www.elpolitologoyelpolitico.com.ar\/wordpress\/?p=33677"},"modified":"2023-08-20T21:00:11","modified_gmt":"2023-08-20T21:00:11","slug":"volvieron-las-charlas-de-celiaquia-a-las-escuelas-del-distrito","status":"publish","type":"post","link":"https:\/\/www.elpolitologoyelpolitico.com.ar\/wordpress\/2023\/08\/20\/volvieron-las-charlas-de-celiaquia-a-las-escuelas-del-distrito\/","title":{"rendered":"Volvieron las Charlas de Celiaqu\u00eda a las escuelas del Distrito"},"content":{"rendered":"\n<p>El Equipo de Nutrici\u00f3n, dependiente de la Secretar\u00eda de Desarrollo Social, reanud\u00f3 el ciclo de Charlas sobre Celiaqu\u00eda, programado para distintas instituciones del Partido de Patagones.<\/p>\n\n\n\n<p>En esta ocasi\u00f3n, la jornada tuvo lugar en la localidad de Stroeder, en la Escuela Secundaria N\u00b0 7, \u00abCardenal Cagliero\u00bb, y cont\u00f3 con una amplia participaci\u00f3n.<\/p>\n\n\n\n<p>Se abordaron temas relacionados a la detecci\u00f3n, prevenci\u00f3n y alimentaci\u00f3n de quienes tienen tal condici\u00f3n, con din\u00e1micas participativas que permitieron el intercambio de preguntas y respuestas por parte de las profesionales a cargo de la charla.<\/p>\n<div class=\"fb-background-color\">\n\t\t\t  <div \n\t\t\t  \tclass = \"fb-comments\" \n\t\t\t  \tdata-href = \"https:\/\/www.elpolitologoyelpolitico.com.ar\/wordpress\/2023\/08\/20\/volvieron-las-charlas-de-celiaquia-a-las-escuelas-del-distrito\/\"\n\t\t\t  \tdata-numposts = \"10\"\n\t\t\t  \tdata-lazy = \"true\"\n\t\t\t\tdata-colorscheme = \"light\"\n\t\t\t\tdata-order-by = \"social\"\n\t\t\t\tdata-mobile=true>\n\t\t\t  <\/div><\/div>\n\t\t  <style>\n\t\t    .fb-background-color {\n\t\t\t\tbackground: #ffffff !important;\n\t\t\t}\n\t\t\t.fb_iframe_widget_fluid_desktop iframe {\n\t\t\t    width: 100% !important;\n\t\t\t}\n\t\t  <\/style>\n\t\t  ","protected":false},"excerpt":{"rendered":"<p>El Equipo de Nutrici\u00f3n, dependiente de la Secretar\u00eda de Desarrollo Social, reanud\u00f3 el ciclo de Charlas sobre Celiaqu\u00eda, programado para distintas instituciones del Partido de Patagones. En esta ocasi\u00f3n, la jornada tuvo lugar en la localidad de Stroeder, en la Escuela Secundaria N\u00b0 7, \u00abCardenal Cagliero\u00bb, y cont\u00f3 con una amplia participaci\u00f3n. Se abordaron temas [&hellip;]<\/p>\n","protected":false},"author":4,"featured_media":33678,"comment_status":"closed","ping_status":"closed","sticky":false,"template":"","format":"standard","meta":{"_joinchat":[],"footnotes":""},"categories":[39],"tags":[],"class_list":["post-33677","post","type-post","status-publish","format-standard","has-post-thumbnail","hentry","category-en-esta-seccion"],"_links":{"self":[{"href":"https:\/\/www.elpolitologoyelpolitico.com.ar\/wordpress\/wp-json\/wp\/v2\/posts\/33677","targetHints":{"allow":["GET"]}}],"collection":[{"href":"https:\/\/www.elpolitologoyelpolitico.com.ar\/wordpress\/wp-json\/wp\/v2\/posts"}],"about":[{"href":"https:\/\/www.elpolitologoyelpolitico.com.ar\/wordpress\/wp-json\/wp\/v2\/types\/post"}],"author":[{"embeddable":true,"href":"https:\/\/www.elpolitologoyelpolitico.com.ar\/wordpress\/wp-json\/wp\/v2\/users\/4"}],"replies":[{"embeddable":true,"href":"https:\/\/www.elpolitologoyelpolitico.com.ar\/wordpress\/wp-json\/wp\/v2\/comments?post=33677"}],"version-history":[{"count":0,"href":"https:\/\/www.elpolitologoyelpolitico.com.ar\/wordpress\/wp-json\/wp\/v2\/posts\/33677\/revisions"}],"wp:featuredmedia":[{"embeddable":true,"href":"https:\/\/www.elpolitologoyelpolitico.com.ar\/wordpress\/wp-json\/wp\/v2\/media\/33678"}],"wp:attachment":[{"href":"https:\/\/www.elpolitologoyelpolitico.com.ar\/wordpress\/wp-json\/wp\/v2\/media?parent=33677"}],"wp:term":[{"taxonomy":"category","embeddable":true,"href":"https:\/\/www.elpolitologoyelpolitico.com.ar\/wordpress\/wp-json\/wp\/v2\/categories?post=33677"},{"taxonomy":"post_tag","embeddable":true,"href":"https:\/\/www.elpolitologoyelpolitico.com.ar\/wordpress\/wp-json\/wp\/v2\/tags?post=33677"}],"curies":[{"name":"wp","href":"https:\/\/api.w.org\/{rel}","templated":true}]}}