{"id":33641,"date":"2023-08-18T21:52:04","date_gmt":"2023-08-18T21:52:04","guid":{"rendered":"https:\/\/www.elpolitologoyelpolitico.com.ar\/wordpress\/?p=33641"},"modified":"2023-08-18T21:52:05","modified_gmt":"2023-08-18T21:52:05","slug":"el-municipio-advierte-y-multa-las-infracciones-a-las-normas-de-forestacion","status":"publish","type":"post","link":"https:\/\/www.elpolitologoyelpolitico.com.ar\/wordpress\/2023\/08\/18\/el-municipio-advierte-y-multa-las-infracciones-a-las-normas-de-forestacion\/","title":{"rendered":"El municipio advierte y multa las infracciones a las normas de forestaci\u00f3n"},"content":{"rendered":"\n<p>En cumplimiento de la Ordenanza N\u00b0 2636 el Gobierno de Viedma a trav\u00e9s de la Secretar\u00eda de Servicios, Espacio P\u00fablico y Ambiente informa a los vecinos que la poda mal realizada ser\u00e1 advertida y multada.<\/p>\n\n\n\n<p>El cap\u00edtulo V de la Ordenanza 2636 establece las multas por infracci\u00f3n a las normas de forestaci\u00f3n. A trav\u00e9s del art\u00edculo&nbsp; 40\u00b0 decreta que por retiro de \u00e1rboles de la v\u00eda p\u00fablica y podas sin autorizaci\u00f3n municipal se fijan multas de entre $7.760 y $7.560.<\/p>\n\n\n\n<p>Quienes no cumplan con la ordenanza vigente ser\u00e1n notificados formal y presencialmente al domicilio con un inspector municipal.<\/p>\n\n\n\n<p>La poda tiene un objetivo correctivo y de seguridad, para protecci\u00f3n de las personas que transitan y para garantizar la salud de los ejemplares en diferentes espacios p\u00fablicos.<\/p>\n\n\n\n<p>La Municipalidad s\u00f3lo realiza poda en arbolado p\u00fablico, espacios verdes, y despeje de l\u00edneas el\u00e9ctricas. Es responsabilidad de cada frentista realizar la poda en su domicilio particular.<\/p>\n\n\n\n<p>Los trabajos de poda en arbolado se realizan los meses de mayo, junio, julio y agosto a trav\u00e9s de la Direcci\u00f3n de Espacios Verdes en diferentes sectores de la ciudad.<\/p>\n\n\n\n<p>Para ese tipo de trabajos, la Subsecretar\u00eda de Servicios P\u00fablicos tiene un registro de podadores. El retiro de los residuos generados, es responsabilidad del contratista.<\/p>\n\n\n\n<p>Si el trabajo es llevado a cabo por los propios vecinos, se debe solicitar su retiro a trav\u00e9s de la web&nbsp;&nbsp;viedma.gob.ar&nbsp;a trav\u00e9s de una solicitud al Centro de Atenci\u00f3n al Ciudadano.<\/p>\n<div class=\"fb-background-color\">\n\t\t\t  <div \n\t\t\t  \tclass = \"fb-comments\" \n\t\t\t  \tdata-href = \"https:\/\/www.elpolitologoyelpolitico.com.ar\/wordpress\/2023\/08\/18\/el-municipio-advierte-y-multa-las-infracciones-a-las-normas-de-forestacion\/\"\n\t\t\t  \tdata-numposts = \"10\"\n\t\t\t  \tdata-lazy = \"true\"\n\t\t\t\tdata-colorscheme = \"light\"\n\t\t\t\tdata-order-by = \"social\"\n\t\t\t\tdata-mobile=true>\n\t\t\t  <\/div><\/div>\n\t\t  <style>\n\t\t    .fb-background-color {\n\t\t\t\tbackground: #ffffff !important;\n\t\t\t}\n\t\t\t.fb_iframe_widget_fluid_desktop iframe {\n\t\t\t    width: 100% !important;\n\t\t\t}\n\t\t  <\/style>\n\t\t  ","protected":false},"excerpt":{"rendered":"<p>En cumplimiento de la Ordenanza N\u00b0 2636 el Gobierno de Viedma a trav\u00e9s de la Secretar\u00eda de Servicios, Espacio P\u00fablico y Ambiente informa a los vecinos que la poda mal realizada ser\u00e1 advertida y multada. El cap\u00edtulo V de la Ordenanza 2636 establece las multas por infracci\u00f3n a las normas de forestaci\u00f3n. A trav\u00e9s del [&hellip;]<\/p>\n","protected":false},"author":4,"featured_media":33642,"comment_status":"closed","ping_status":"closed","sticky":false,"template":"","format":"standard","meta":{"_joinchat":[],"footnotes":""},"categories":[39],"tags":[],"class_list":["post-33641","post","type-post","status-publish","format-standard","has-post-thumbnail","hentry","category-en-esta-seccion"],"_links":{"self":[{"href":"https:\/\/www.elpolitologoyelpolitico.com.ar\/wordpress\/wp-json\/wp\/v2\/posts\/33641","targetHints":{"allow":["GET"]}}],"collection":[{"href":"https:\/\/www.elpolitologoyelpolitico.com.ar\/wordpress\/wp-json\/wp\/v2\/posts"}],"about":[{"href":"https:\/\/www.elpolitologoyelpolitico.com.ar\/wordpress\/wp-json\/wp\/v2\/types\/post"}],"author":[{"embeddable":true,"href":"https:\/\/www.elpolitologoyelpolitico.com.ar\/wordpress\/wp-json\/wp\/v2\/users\/4"}],"replies":[{"embeddable":true,"href":"https:\/\/www.elpolitologoyelpolitico.com.ar\/wordpress\/wp-json\/wp\/v2\/comments?post=33641"}],"version-history":[{"count":0,"href":"https:\/\/www.elpolitologoyelpolitico.com.ar\/wordpress\/wp-json\/wp\/v2\/posts\/33641\/revisions"}],"wp:featuredmedia":[{"embeddable":true,"href":"https:\/\/www.elpolitologoyelpolitico.com.ar\/wordpress\/wp-json\/wp\/v2\/media\/33642"}],"wp:attachment":[{"href":"https:\/\/www.elpolitologoyelpolitico.com.ar\/wordpress\/wp-json\/wp\/v2\/media?parent=33641"}],"wp:term":[{"taxonomy":"category","embeddable":true,"href":"https:\/\/www.elpolitologoyelpolitico.com.ar\/wordpress\/wp-json\/wp\/v2\/categories?post=33641"},{"taxonomy":"post_tag","embeddable":true,"href":"https:\/\/www.elpolitologoyelpolitico.com.ar\/wordpress\/wp-json\/wp\/v2\/tags?post=33641"}],"curies":[{"name":"wp","href":"https:\/\/api.w.org\/{rel}","templated":true}]}}