{"id":33613,"date":"2023-08-17T18:08:45","date_gmt":"2023-08-17T18:08:45","guid":{"rendered":"https:\/\/www.elpolitologoyelpolitico.com.ar\/wordpress\/?p=33613"},"modified":"2023-08-17T18:08:46","modified_gmt":"2023-08-17T18:08:46","slug":"la-factura-de-luz-llego-a-60-000-en-algunas-viviendas-de-patagones","status":"publish","type":"post","link":"https:\/\/www.elpolitologoyelpolitico.com.ar\/wordpress\/2023\/08\/17\/la-factura-de-luz-llego-a-60-000-en-algunas-viviendas-de-patagones\/","title":{"rendered":"La factura de luz lleg\u00f3 a $60.000 en algunas viviendas de Patagones"},"content":{"rendered":"\n<p>La situaci\u00f3n economica es cada vez mas compleja en nuestro pa\u00eds y se hace imposible el d\u00eda a d\u00eda.<\/p>\n\n\n\n<p>Nuevamente, aumentaron los alimentos, alquileres, transportes y se suman los impuestos (luz, gas, agua, etc).<\/p>\n\n\n\n<p>Con respecto a la luz, en algunos barrios de Carmen de Patagones como las viviendas ubicadas en los terrenos Un Lote una Vivienda (Ex Loteo Sosa) la factura de luz lleg\u00f3 a $60.000.<\/p>\n\n\n\n<p>Varios vecinos realizaron el reclamo a OMIC por este aument\u00f3 y solicitan una respuesta urgente.<\/p>\n<div class=\"fb-background-color\">\n\t\t\t  <div \n\t\t\t  \tclass = \"fb-comments\" \n\t\t\t  \tdata-href = \"https:\/\/www.elpolitologoyelpolitico.com.ar\/wordpress\/2023\/08\/17\/la-factura-de-luz-llego-a-60-000-en-algunas-viviendas-de-patagones\/\"\n\t\t\t  \tdata-numposts = \"10\"\n\t\t\t  \tdata-lazy = \"true\"\n\t\t\t\tdata-colorscheme = \"light\"\n\t\t\t\tdata-order-by = \"social\"\n\t\t\t\tdata-mobile=true>\n\t\t\t  <\/div><\/div>\n\t\t  <style>\n\t\t    .fb-background-color {\n\t\t\t\tbackground: #ffffff !important;\n\t\t\t}\n\t\t\t.fb_iframe_widget_fluid_desktop iframe {\n\t\t\t    width: 100% !important;\n\t\t\t}\n\t\t  <\/style>\n\t\t  ","protected":false},"excerpt":{"rendered":"<p>La situaci\u00f3n economica es cada vez mas compleja en nuestro pa\u00eds y se hace imposible el d\u00eda a d\u00eda. Nuevamente, aumentaron los alimentos, alquileres, transportes y se suman los impuestos (luz, gas, agua, etc). Con respecto a la luz, en algunos barrios de Carmen de Patagones como las viviendas ubicadas en los terrenos Un Lote [&hellip;]<\/p>\n","protected":false},"author":4,"featured_media":33614,"comment_status":"closed","ping_status":"closed","sticky":false,"template":"","format":"standard","meta":{"_joinchat":[],"footnotes":""},"categories":[39],"tags":[],"class_list":["post-33613","post","type-post","status-publish","format-standard","has-post-thumbnail","hentry","category-en-esta-seccion"],"_links":{"self":[{"href":"https:\/\/www.elpolitologoyelpolitico.com.ar\/wordpress\/wp-json\/wp\/v2\/posts\/33613","targetHints":{"allow":["GET"]}}],"collection":[{"href":"https:\/\/www.elpolitologoyelpolitico.com.ar\/wordpress\/wp-json\/wp\/v2\/posts"}],"about":[{"href":"https:\/\/www.elpolitologoyelpolitico.com.ar\/wordpress\/wp-json\/wp\/v2\/types\/post"}],"author":[{"embeddable":true,"href":"https:\/\/www.elpolitologoyelpolitico.com.ar\/wordpress\/wp-json\/wp\/v2\/users\/4"}],"replies":[{"embeddable":true,"href":"https:\/\/www.elpolitologoyelpolitico.com.ar\/wordpress\/wp-json\/wp\/v2\/comments?post=33613"}],"version-history":[{"count":0,"href":"https:\/\/www.elpolitologoyelpolitico.com.ar\/wordpress\/wp-json\/wp\/v2\/posts\/33613\/revisions"}],"wp:featuredmedia":[{"embeddable":true,"href":"https:\/\/www.elpolitologoyelpolitico.com.ar\/wordpress\/wp-json\/wp\/v2\/media\/33614"}],"wp:attachment":[{"href":"https:\/\/www.elpolitologoyelpolitico.com.ar\/wordpress\/wp-json\/wp\/v2\/media?parent=33613"}],"wp:term":[{"taxonomy":"category","embeddable":true,"href":"https:\/\/www.elpolitologoyelpolitico.com.ar\/wordpress\/wp-json\/wp\/v2\/categories?post=33613"},{"taxonomy":"post_tag","embeddable":true,"href":"https:\/\/www.elpolitologoyelpolitico.com.ar\/wordpress\/wp-json\/wp\/v2\/tags?post=33613"}],"curies":[{"name":"wp","href":"https:\/\/api.w.org\/{rel}","templated":true}]}}