{"id":33605,"date":"2023-08-17T15:11:54","date_gmt":"2023-08-17T15:11:54","guid":{"rendered":"https:\/\/www.elpolitologoyelpolitico.com.ar\/wordpress\/?p=33605"},"modified":"2023-08-17T15:11:56","modified_gmt":"2023-08-17T15:11:56","slug":"luego-de-las-paso-la-izquierda-se-juega-por-una-banca-en-bariloche","status":"publish","type":"post","link":"https:\/\/www.elpolitologoyelpolitico.com.ar\/wordpress\/2023\/08\/17\/luego-de-las-paso-la-izquierda-se-juega-por-una-banca-en-bariloche\/","title":{"rendered":"Luego de las PASO, la izquierda se juega por una banca en Bariloche"},"content":{"rendered":"\n<p>La referente del Frente de Izquierda de Bariloche y candidata a concejala en la ciudad, Alhue Gavuzzo, hizo un balance positivo de los resultados de la izquierda en las PASO y asegur\u00f3 que est\u00e1 planteado que esa fuerza pol\u00edtica ingrese por primera vez al Concejo Deliberante local.<\/p>\n\n\n\n<p>El Frente de Izquierda hizo una gran elecci\u00f3n en Bariloche, en un empate t\u00e9cnico con Juntos Somos R\u00edo Negro de la gobernadora Carreras, y ahora apuesta a ingresar por primera vez al deliberante de la ciudad. Alhue Gavuzzo, quien encabez\u00f3 la lista interna del Frente de Izquierda que se impuso en las PASO acompa\u00f1ando a Myriam Bregman, asegur\u00f3 que \u201cluego de la gran elecci\u00f3n en la ciudad que hicimos el domingo, tenemos el desaf\u00edo y la posibilidad de que la izquierda entre por primera vez al Deliberante en Bariloche. Por eso llamamos a quienes nos votaron en las PASO a acompa\u00f1arnos el 3 de septiembre en las municipales\u201d.<\/p>\n\n\n\n<p>Gavuzzo es delegada de ATE-Conicet, candidata a concejala y acompa\u00f1a a Armando Aligia, candidato a intendente del Frente de Izquierda. En declaraciones a la prensa se\u00f1al\u00f3 que \u201cuna banca de la izquierda ser\u00e1 un puesto de lucha frente al avance de la derecha, que tiene en Milei su mayor representante. Ser\u00e1 una tribuna para defender los derechos de las mujeres, los trabajadores, la juventud y en defensa del ambiente. Hay que darle fuerza a la izquierda frente a los candidatos del ajuste y la ultraderecha que atrasa un siglo.\u201d<\/p>\n\n\n\n<p>En relaci\u00f3n al triunfo de Milei en las PASO, la candidata a concejala asegur\u00f3 que \u201cgane quien gane en octubre, tanto Milei como Massa y Bullrich est\u00e1n prepar\u00e1ndose para profundizar el ajuste y avanzar contra los derechos de los trabajadores, las mujeres y sectores populares. La devaluaci\u00f3n de Massa al d\u00eda siguiente de las PASO marca ese rumbo, por eso hay que prepararse desde ahora. Desde la izquierda proponemos realizar asambleas en los lugares de trabajo y estamos exigiendo a la CTA y la CGT que convoquen a un paro nacional y plan de lucha contra el ajuste\u201d.<\/p>\n<div class=\"fb-background-color\">\n\t\t\t  <div \n\t\t\t  \tclass = \"fb-comments\" \n\t\t\t  \tdata-href = \"https:\/\/www.elpolitologoyelpolitico.com.ar\/wordpress\/2023\/08\/17\/luego-de-las-paso-la-izquierda-se-juega-por-una-banca-en-bariloche\/\"\n\t\t\t  \tdata-numposts = \"10\"\n\t\t\t  \tdata-lazy = \"true\"\n\t\t\t\tdata-colorscheme = \"light\"\n\t\t\t\tdata-order-by = \"social\"\n\t\t\t\tdata-mobile=true>\n\t\t\t  <\/div><\/div>\n\t\t  <style>\n\t\t    .fb-background-color {\n\t\t\t\tbackground: #ffffff !important;\n\t\t\t}\n\t\t\t.fb_iframe_widget_fluid_desktop iframe {\n\t\t\t    width: 100% !important;\n\t\t\t}\n\t\t  <\/style>\n\t\t  ","protected":false},"excerpt":{"rendered":"<p>La referente del Frente de Izquierda de Bariloche y candidata a concejala en la ciudad, Alhue Gavuzzo, hizo un balance positivo de los resultados de la izquierda en las PASO y asegur\u00f3 que est\u00e1 planteado que esa fuerza pol\u00edtica ingrese por primera vez al Concejo Deliberante local. El Frente de Izquierda hizo una gran elecci\u00f3n [&hellip;]<\/p>\n","protected":false},"author":4,"featured_media":33606,"comment_status":"closed","ping_status":"closed","sticky":false,"template":"","format":"standard","meta":{"_joinchat":[],"footnotes":""},"categories":[38],"tags":[],"class_list":["post-33605","post","type-post","status-publish","format-standard","has-post-thumbnail","hentry","category-elecciones"],"_links":{"self":[{"href":"https:\/\/www.elpolitologoyelpolitico.com.ar\/wordpress\/wp-json\/wp\/v2\/posts\/33605","targetHints":{"allow":["GET"]}}],"collection":[{"href":"https:\/\/www.elpolitologoyelpolitico.com.ar\/wordpress\/wp-json\/wp\/v2\/posts"}],"about":[{"href":"https:\/\/www.elpolitologoyelpolitico.com.ar\/wordpress\/wp-json\/wp\/v2\/types\/post"}],"author":[{"embeddable":true,"href":"https:\/\/www.elpolitologoyelpolitico.com.ar\/wordpress\/wp-json\/wp\/v2\/users\/4"}],"replies":[{"embeddable":true,"href":"https:\/\/www.elpolitologoyelpolitico.com.ar\/wordpress\/wp-json\/wp\/v2\/comments?post=33605"}],"version-history":[{"count":0,"href":"https:\/\/www.elpolitologoyelpolitico.com.ar\/wordpress\/wp-json\/wp\/v2\/posts\/33605\/revisions"}],"wp:featuredmedia":[{"embeddable":true,"href":"https:\/\/www.elpolitologoyelpolitico.com.ar\/wordpress\/wp-json\/wp\/v2\/media\/33606"}],"wp:attachment":[{"href":"https:\/\/www.elpolitologoyelpolitico.com.ar\/wordpress\/wp-json\/wp\/v2\/media?parent=33605"}],"wp:term":[{"taxonomy":"category","embeddable":true,"href":"https:\/\/www.elpolitologoyelpolitico.com.ar\/wordpress\/wp-json\/wp\/v2\/categories?post=33605"},{"taxonomy":"post_tag","embeddable":true,"href":"https:\/\/www.elpolitologoyelpolitico.com.ar\/wordpress\/wp-json\/wp\/v2\/tags?post=33605"}],"curies":[{"name":"wp","href":"https:\/\/api.w.org\/{rel}","templated":true}]}}