{"id":33595,"date":"2023-08-17T00:06:43","date_gmt":"2023-08-17T00:06:43","guid":{"rendered":"https:\/\/www.elpolitologoyelpolitico.com.ar\/wordpress\/?p=33595"},"modified":"2023-08-17T00:06:44","modified_gmt":"2023-08-17T00:06:44","slug":"viedma-celebra-el-dia-de-las-infancias-con-mas-de-80-entretenimientos-en-el-parque-ferreira","status":"publish","type":"post","link":"https:\/\/www.elpolitologoyelpolitico.com.ar\/wordpress\/2023\/08\/17\/viedma-celebra-el-dia-de-las-infancias-con-mas-de-80-entretenimientos-en-el-parque-ferreira\/","title":{"rendered":"Viedma celebra el D\u00eda de las Infancias con m\u00e1s de 80 entretenimientos en el Parque Ferreira"},"content":{"rendered":"\n<p>Con juegos, sorpresas y m\u00e1s de 80 actividades para ni\u00f1as y ni\u00f1os de todas las edades el Gobierno de Viedma festejar\u00e1 el D\u00eda de las Infancias en el Parque Jorge Ferreira.<\/p>\n\n\n\n<p>El domingo 27 de agosto, desde las 14.30 y hasta las 17.30, se llevar\u00e1n adelante los festejos por el D\u00eda de las infancias con juegos de kermes, camas el\u00e1sticas, inflables, peloteros, plazas blandas, malabaristas, m\u00fasica, payasos, maquillaje art\u00edstico, refrigerios para compartir y entre otras sorpresas.<\/p>\n\n\n\n<p>Durante la jornada habr\u00e1 dos escenarios con diferentes presentaciones de artistas callejeros, teatro, clown, cuentos y shows musicales en vivo con espect\u00e1culos infantiles.<\/p>\n\n\n\n<p>Algunos de los espect\u00e1culos previstos para este d\u00eda ser\u00e1n: Comarca circo con el show de chapati, monolito, viralata, pocholo, pitufina , langostino y muchos m\u00e1s.<\/p>\n\n\n\n<p>Adem\u00e1s este a\u00f1o se sumar\u00e1n a los festejos los artesanos, que dispondr\u00e1n de un espacio de feria y acompa\u00f1ar\u00e1n los festejos por el d\u00eda de las infancias.<\/p>\n\n\n\n<p>Durante los festejos estar\u00e1n presentes el cuerpo de Bomberos de la Provincia y la Polic\u00eda Montada, para que ni\u00f1as y ni\u00f1os puedan acercarse, sacarse fotos y pasar un buen momento junto a las familias.<\/p>\n\n\n\n<p>El a\u00f1o pasado el D\u00eda de las Infancias reuni\u00f3 a m\u00e1s de 30 mil personas que se acercaron a disfrutar de la jornada familiar al aire libre en el Parque Ferreira.<\/p>\n\n\n\n<p>Este gran evento es organizado y coordinado por el gobierno de Viedma junto a Cementos del Valle y el acompa\u00f1amiento de Loter\u00eda de R\u00edo Negro<\/p>\n<div class=\"fb-background-color\">\n\t\t\t  <div \n\t\t\t  \tclass = \"fb-comments\" \n\t\t\t  \tdata-href = \"https:\/\/www.elpolitologoyelpolitico.com.ar\/wordpress\/2023\/08\/17\/viedma-celebra-el-dia-de-las-infancias-con-mas-de-80-entretenimientos-en-el-parque-ferreira\/\"\n\t\t\t  \tdata-numposts = \"10\"\n\t\t\t  \tdata-lazy = \"true\"\n\t\t\t\tdata-colorscheme = \"light\"\n\t\t\t\tdata-order-by = \"social\"\n\t\t\t\tdata-mobile=true>\n\t\t\t  <\/div><\/div>\n\t\t  <style>\n\t\t    .fb-background-color {\n\t\t\t\tbackground: #ffffff !important;\n\t\t\t}\n\t\t\t.fb_iframe_widget_fluid_desktop iframe {\n\t\t\t    width: 100% !important;\n\t\t\t}\n\t\t  <\/style>\n\t\t  ","protected":false},"excerpt":{"rendered":"<p>Con juegos, sorpresas y m\u00e1s de 80 actividades para ni\u00f1as y ni\u00f1os de todas las edades el Gobierno de Viedma festejar\u00e1 el D\u00eda de las Infancias en el Parque Jorge Ferreira. El domingo 27 de agosto, desde las 14.30 y hasta las 17.30, se llevar\u00e1n adelante los festejos por el D\u00eda de las infancias con [&hellip;]<\/p>\n","protected":false},"author":4,"featured_media":33596,"comment_status":"closed","ping_status":"closed","sticky":false,"template":"","format":"standard","meta":{"_joinchat":[],"footnotes":""},"categories":[39],"tags":[],"class_list":["post-33595","post","type-post","status-publish","format-standard","has-post-thumbnail","hentry","category-en-esta-seccion"],"_links":{"self":[{"href":"https:\/\/www.elpolitologoyelpolitico.com.ar\/wordpress\/wp-json\/wp\/v2\/posts\/33595","targetHints":{"allow":["GET"]}}],"collection":[{"href":"https:\/\/www.elpolitologoyelpolitico.com.ar\/wordpress\/wp-json\/wp\/v2\/posts"}],"about":[{"href":"https:\/\/www.elpolitologoyelpolitico.com.ar\/wordpress\/wp-json\/wp\/v2\/types\/post"}],"author":[{"embeddable":true,"href":"https:\/\/www.elpolitologoyelpolitico.com.ar\/wordpress\/wp-json\/wp\/v2\/users\/4"}],"replies":[{"embeddable":true,"href":"https:\/\/www.elpolitologoyelpolitico.com.ar\/wordpress\/wp-json\/wp\/v2\/comments?post=33595"}],"version-history":[{"count":0,"href":"https:\/\/www.elpolitologoyelpolitico.com.ar\/wordpress\/wp-json\/wp\/v2\/posts\/33595\/revisions"}],"wp:featuredmedia":[{"embeddable":true,"href":"https:\/\/www.elpolitologoyelpolitico.com.ar\/wordpress\/wp-json\/wp\/v2\/media\/33596"}],"wp:attachment":[{"href":"https:\/\/www.elpolitologoyelpolitico.com.ar\/wordpress\/wp-json\/wp\/v2\/media?parent=33595"}],"wp:term":[{"taxonomy":"category","embeddable":true,"href":"https:\/\/www.elpolitologoyelpolitico.com.ar\/wordpress\/wp-json\/wp\/v2\/categories?post=33595"},{"taxonomy":"post_tag","embeddable":true,"href":"https:\/\/www.elpolitologoyelpolitico.com.ar\/wordpress\/wp-json\/wp\/v2\/tags?post=33595"}],"curies":[{"name":"wp","href":"https:\/\/api.w.org\/{rel}","templated":true}]}}