{"id":33592,"date":"2023-08-16T23:54:09","date_gmt":"2023-08-16T23:54:09","guid":{"rendered":"https:\/\/www.elpolitologoyelpolitico.com.ar\/wordpress\/?p=33592"},"modified":"2023-08-16T23:54:10","modified_gmt":"2023-08-16T23:54:10","slug":"alerta-por-fuertes-vientos-lluvias-y-tormentas","status":"publish","type":"post","link":"https:\/\/www.elpolitologoyelpolitico.com.ar\/wordpress\/2023\/08\/16\/alerta-por-fuertes-vientos-lluvias-y-tormentas\/","title":{"rendered":"Alerta por fuertes vientos, lluvias y tormentas"},"content":{"rendered":"\n<p>En lo que resta de hoy solo se esperan lluvias en el sur de la zona.<\/p>\n\n\n\n<p>Entre la madrugada y la ma\u00f1ana del jueves se esperan lluvias y algunas tormentas y en la tarde se prev\u00e9n lluvias persistentes con r\u00e1fagas del este y sudeste sobre municipios cercanos a la costa.<\/p>\n\n\n\n<p>Durante la madrugada del viernes se espera una rotaci\u00f3n del viento al sudoeste, aumentando su intensidad desde la tarde, pudiendo alcanzar los 70 km\/h. Estas condiciones de viento se espera que se mantengan hasta las primeras horas de s\u00e1bado por el momento.<\/p>\n\n\n\n<p>En cuanto a las lluvias, las condiciones mejorar\u00e1n de manera progresiva durante la madrugada y ma\u00f1ana del viernes con acumulados de entre 20 y 30 mm, pudiendo ser superados de forma puntual.<\/p>\n\n\n\n<p><\/p>\n<div class=\"fb-background-color\">\n\t\t\t  <div \n\t\t\t  \tclass = \"fb-comments\" \n\t\t\t  \tdata-href = \"https:\/\/www.elpolitologoyelpolitico.com.ar\/wordpress\/2023\/08\/16\/alerta-por-fuertes-vientos-lluvias-y-tormentas\/\"\n\t\t\t  \tdata-numposts = \"10\"\n\t\t\t  \tdata-lazy = \"true\"\n\t\t\t\tdata-colorscheme = \"light\"\n\t\t\t\tdata-order-by = \"social\"\n\t\t\t\tdata-mobile=true>\n\t\t\t  <\/div><\/div>\n\t\t  <style>\n\t\t    .fb-background-color {\n\t\t\t\tbackground: #ffffff !important;\n\t\t\t}\n\t\t\t.fb_iframe_widget_fluid_desktop iframe {\n\t\t\t    width: 100% !important;\n\t\t\t}\n\t\t  <\/style>\n\t\t  ","protected":false},"excerpt":{"rendered":"<p>En lo que resta de hoy solo se esperan lluvias en el sur de la zona. Entre la madrugada y la ma\u00f1ana del jueves se esperan lluvias y algunas tormentas y en la tarde se prev\u00e9n lluvias persistentes con r\u00e1fagas del este y sudeste sobre municipios cercanos a la costa. Durante la madrugada del viernes [&hellip;]<\/p>\n","protected":false},"author":4,"featured_media":33593,"comment_status":"closed","ping_status":"closed","sticky":false,"template":"","format":"standard","meta":{"_joinchat":[],"footnotes":""},"categories":[39],"tags":[],"class_list":["post-33592","post","type-post","status-publish","format-standard","has-post-thumbnail","hentry","category-en-esta-seccion"],"_links":{"self":[{"href":"https:\/\/www.elpolitologoyelpolitico.com.ar\/wordpress\/wp-json\/wp\/v2\/posts\/33592","targetHints":{"allow":["GET"]}}],"collection":[{"href":"https:\/\/www.elpolitologoyelpolitico.com.ar\/wordpress\/wp-json\/wp\/v2\/posts"}],"about":[{"href":"https:\/\/www.elpolitologoyelpolitico.com.ar\/wordpress\/wp-json\/wp\/v2\/types\/post"}],"author":[{"embeddable":true,"href":"https:\/\/www.elpolitologoyelpolitico.com.ar\/wordpress\/wp-json\/wp\/v2\/users\/4"}],"replies":[{"embeddable":true,"href":"https:\/\/www.elpolitologoyelpolitico.com.ar\/wordpress\/wp-json\/wp\/v2\/comments?post=33592"}],"version-history":[{"count":0,"href":"https:\/\/www.elpolitologoyelpolitico.com.ar\/wordpress\/wp-json\/wp\/v2\/posts\/33592\/revisions"}],"wp:featuredmedia":[{"embeddable":true,"href":"https:\/\/www.elpolitologoyelpolitico.com.ar\/wordpress\/wp-json\/wp\/v2\/media\/33593"}],"wp:attachment":[{"href":"https:\/\/www.elpolitologoyelpolitico.com.ar\/wordpress\/wp-json\/wp\/v2\/media?parent=33592"}],"wp:term":[{"taxonomy":"category","embeddable":true,"href":"https:\/\/www.elpolitologoyelpolitico.com.ar\/wordpress\/wp-json\/wp\/v2\/categories?post=33592"},{"taxonomy":"post_tag","embeddable":true,"href":"https:\/\/www.elpolitologoyelpolitico.com.ar\/wordpress\/wp-json\/wp\/v2\/tags?post=33592"}],"curies":[{"name":"wp","href":"https:\/\/api.w.org\/{rel}","templated":true}]}}