{"id":33552,"date":"2023-08-15T00:26:01","date_gmt":"2023-08-15T00:26:01","guid":{"rendered":"https:\/\/www.elpolitologoyelpolitico.com.ar\/wordpress\/?p=33552"},"modified":"2023-08-15T00:26:03","modified_gmt":"2023-08-15T00:26:03","slug":"el-precandidato-a-intendente-de-patagones-rodrigo-aurrecochea-celebro-el-triunfo-de-union-por-la-patria","status":"publish","type":"post","link":"https:\/\/www.elpolitologoyelpolitico.com.ar\/wordpress\/2023\/08\/15\/el-precandidato-a-intendente-de-patagones-rodrigo-aurrecochea-celebro-el-triunfo-de-union-por-la-patria\/","title":{"rendered":"El precandidato a intendente de Patagones, Rodrigo Aurrecochea, celebro el triunfo de Uni\u00f3n por la Patria"},"content":{"rendered":"\n<p>El precandidato a intendente de Patagones, Rodrigo Aurrecochea, celebro el triunfo de Uni\u00f3n por la Patria en la localidad donde la sumatoria de las 4 listas superan ampliamente a la propuesta del actual intendente Jos\u00e9 Zara.<\/p>\n\n\n\n<p>\u00abEn primer lugar, felicitar a los ganadores, a los justos ganadores de la interna que se di\u00f3 en nuestro espacio pol\u00edtico. Cada una de las partes aporto para que Uni\u00f3n por la Patria fuera el espacio m\u00e1s votado,mucho m\u00e1s votado, y ahora debemos custodiar esos votos para lograr llegar a ser gobierno en Patagones\u00bb.<\/p>\n\n\n\n<p>\u00abDesde lo personal estoy satisfecho, hicimos una campa\u00f1a a pulm\u00f3n, proponiendo ideas, con el apoyo y la experiencia del ex intendente Ricardo Curetti, pero con una lista de j\u00f3venes candidatos que tuvieron su primera oportunidad en esta ocasi\u00f3n y que vamos a seguir trabajando por el Municipio que queremos\u00bb.<\/p>\n\n\n\n<p>\u00abEn el futuro cercano vamos a trabajar para que la sumatoria de Uni\u00f3n por la Patria se mantenga y podamos consolidar un triunfo que nos permita ser gobierno en Patagones. Y mirando m\u00e1s all\u00e1, ayer dimos el primer paso, este proyecto Patagones no se detiene, al contrario, ayer lo fundamos con el apoyo de m\u00e1s de 1600 voluntades, y vamos a seguir siendo parte activa de la vida social y pol\u00edtica\u00bb.<\/p>\n\n\n\n<p>\u00abPor \u00faltimo, agradecer el acompa\u00f1amiento del gobernador Axel Kicillof, decirle que nuestro compromiso estar\u00e1 en llenar en octubre las urnas con su boleta, al ex intendente Curetti que me acompa\u00f1o solidariamente en esta patriada, a mi familia y amigos, pero fundamentalmente a los vecinos y vecinas de Patagones por el enorme apoyo recibido y que no tengan dudas que ac\u00e1 seguiremos m\u00e1s fuertes que nunca\u201d.<\/p>\n<div class=\"fb-background-color\">\n\t\t\t  <div \n\t\t\t  \tclass = \"fb-comments\" \n\t\t\t  \tdata-href = \"https:\/\/www.elpolitologoyelpolitico.com.ar\/wordpress\/2023\/08\/15\/el-precandidato-a-intendente-de-patagones-rodrigo-aurrecochea-celebro-el-triunfo-de-union-por-la-patria\/\"\n\t\t\t  \tdata-numposts = \"10\"\n\t\t\t  \tdata-lazy = \"true\"\n\t\t\t\tdata-colorscheme = \"light\"\n\t\t\t\tdata-order-by = \"social\"\n\t\t\t\tdata-mobile=true>\n\t\t\t  <\/div><\/div>\n\t\t  <style>\n\t\t    .fb-background-color {\n\t\t\t\tbackground: #ffffff !important;\n\t\t\t}\n\t\t\t.fb_iframe_widget_fluid_desktop iframe {\n\t\t\t    width: 100% !important;\n\t\t\t}\n\t\t  <\/style>\n\t\t  ","protected":false},"excerpt":{"rendered":"<p>El precandidato a intendente de Patagones, Rodrigo Aurrecochea, celebro el triunfo de Uni\u00f3n por la Patria en la localidad donde la sumatoria de las 4 listas superan ampliamente a la propuesta del actual intendente Jos\u00e9 Zara. \u00abEn primer lugar, felicitar a los ganadores, a los justos ganadores de la interna que se di\u00f3 en nuestro [&hellip;]<\/p>\n","protected":false},"author":4,"featured_media":33553,"comment_status":"closed","ping_status":"closed","sticky":false,"template":"","format":"standard","meta":{"_joinchat":[],"footnotes":""},"categories":[38],"tags":[],"class_list":["post-33552","post","type-post","status-publish","format-standard","has-post-thumbnail","hentry","category-elecciones"],"_links":{"self":[{"href":"https:\/\/www.elpolitologoyelpolitico.com.ar\/wordpress\/wp-json\/wp\/v2\/posts\/33552","targetHints":{"allow":["GET"]}}],"collection":[{"href":"https:\/\/www.elpolitologoyelpolitico.com.ar\/wordpress\/wp-json\/wp\/v2\/posts"}],"about":[{"href":"https:\/\/www.elpolitologoyelpolitico.com.ar\/wordpress\/wp-json\/wp\/v2\/types\/post"}],"author":[{"embeddable":true,"href":"https:\/\/www.elpolitologoyelpolitico.com.ar\/wordpress\/wp-json\/wp\/v2\/users\/4"}],"replies":[{"embeddable":true,"href":"https:\/\/www.elpolitologoyelpolitico.com.ar\/wordpress\/wp-json\/wp\/v2\/comments?post=33552"}],"version-history":[{"count":0,"href":"https:\/\/www.elpolitologoyelpolitico.com.ar\/wordpress\/wp-json\/wp\/v2\/posts\/33552\/revisions"}],"wp:featuredmedia":[{"embeddable":true,"href":"https:\/\/www.elpolitologoyelpolitico.com.ar\/wordpress\/wp-json\/wp\/v2\/media\/33553"}],"wp:attachment":[{"href":"https:\/\/www.elpolitologoyelpolitico.com.ar\/wordpress\/wp-json\/wp\/v2\/media?parent=33552"}],"wp:term":[{"taxonomy":"category","embeddable":true,"href":"https:\/\/www.elpolitologoyelpolitico.com.ar\/wordpress\/wp-json\/wp\/v2\/categories?post=33552"},{"taxonomy":"post_tag","embeddable":true,"href":"https:\/\/www.elpolitologoyelpolitico.com.ar\/wordpress\/wp-json\/wp\/v2\/tags?post=33552"}],"curies":[{"name":"wp","href":"https:\/\/api.w.org\/{rel}","templated":true}]}}