{"id":33496,"date":"2023-08-13T16:57:49","date_gmt":"2023-08-13T16:57:49","guid":{"rendered":"https:\/\/www.elpolitologoyelpolitico.com.ar\/wordpress\/?p=33496"},"modified":"2023-08-13T16:57:50","modified_gmt":"2023-08-13T16:57:50","slug":"rodrigo-aurrecochea-ya-voto-en-patagones","status":"publish","type":"post","link":"https:\/\/www.elpolitologoyelpolitico.com.ar\/wordpress\/2023\/08\/13\/rodrigo-aurrecochea-ya-voto-en-patagones\/","title":{"rendered":"Rodrigo Aurrecochea ya vot\u00f3 en Patagones"},"content":{"rendered":"\n<p>El Precandidato que pretende llegar a la Intendencia en Patagones Rodrigo Aurrecochea ya vot\u00f3 en la escuela primaria N\u00b0 14.<\/p>\n\n\n\n<p>Aurrecochea expres\u00f3 \u00abEstoy un poco ansioso pero esperando tranquilamente los resultados\u00bb<\/p>\n\n\n\n<p>Agreg\u00f3 \u00abEstoy muy feliz y calculo que a las 22 horas vamos a tener los n\u00fameros. Agradezco a mis compa\u00f1eros, amigos y familiares que me acompa\u00f1an\u00bb<\/p>\n\n\n\n<p>Son 4 las listas que se presentan de Uni\u00f3n por la Patria en Patagones y hoy se sabr\u00e1 que lista representar\u00e1 al espacio en las elecciones generales \u00abHabr\u00e1 unidad y no tengo duda que el lunes vamos a trabajar todos juntos\u00bb sostuvo Aurrecochea.<\/p>\n\n\n\n<p>Por \u00faltimo finaliz\u00f3 \u00abA partir de las 18 hs voy a esperar los resultados en el espacio con mi familia, amigos y compa\u00f1eros\u00bb.<\/p>\n\n\n\n<p>*Foto gentileza de PATAGONES A DIARIO<\/p>\n<div class=\"fb-background-color\">\n\t\t\t  <div \n\t\t\t  \tclass = \"fb-comments\" \n\t\t\t  \tdata-href = \"https:\/\/www.elpolitologoyelpolitico.com.ar\/wordpress\/2023\/08\/13\/rodrigo-aurrecochea-ya-voto-en-patagones\/\"\n\t\t\t  \tdata-numposts = \"10\"\n\t\t\t  \tdata-lazy = \"true\"\n\t\t\t\tdata-colorscheme = \"light\"\n\t\t\t\tdata-order-by = \"social\"\n\t\t\t\tdata-mobile=true>\n\t\t\t  <\/div><\/div>\n\t\t  <style>\n\t\t    .fb-background-color {\n\t\t\t\tbackground: #ffffff !important;\n\t\t\t}\n\t\t\t.fb_iframe_widget_fluid_desktop iframe {\n\t\t\t    width: 100% !important;\n\t\t\t}\n\t\t  <\/style>\n\t\t  ","protected":false},"excerpt":{"rendered":"<p>El Precandidato que pretende llegar a la Intendencia en Patagones Rodrigo Aurrecochea ya vot\u00f3 en la escuela primaria N\u00b0 14. Aurrecochea expres\u00f3 \u00abEstoy un poco ansioso pero esperando tranquilamente los resultados\u00bb Agreg\u00f3 \u00abEstoy muy feliz y calculo que a las 22 horas vamos a tener los n\u00fameros. Agradezco a mis compa\u00f1eros, amigos y familiares que [&hellip;]<\/p>\n","protected":false},"author":4,"featured_media":33497,"comment_status":"closed","ping_status":"closed","sticky":false,"template":"","format":"standard","meta":{"_joinchat":[],"footnotes":""},"categories":[38],"tags":[],"class_list":["post-33496","post","type-post","status-publish","format-standard","has-post-thumbnail","hentry","category-elecciones"],"_links":{"self":[{"href":"https:\/\/www.elpolitologoyelpolitico.com.ar\/wordpress\/wp-json\/wp\/v2\/posts\/33496","targetHints":{"allow":["GET"]}}],"collection":[{"href":"https:\/\/www.elpolitologoyelpolitico.com.ar\/wordpress\/wp-json\/wp\/v2\/posts"}],"about":[{"href":"https:\/\/www.elpolitologoyelpolitico.com.ar\/wordpress\/wp-json\/wp\/v2\/types\/post"}],"author":[{"embeddable":true,"href":"https:\/\/www.elpolitologoyelpolitico.com.ar\/wordpress\/wp-json\/wp\/v2\/users\/4"}],"replies":[{"embeddable":true,"href":"https:\/\/www.elpolitologoyelpolitico.com.ar\/wordpress\/wp-json\/wp\/v2\/comments?post=33496"}],"version-history":[{"count":0,"href":"https:\/\/www.elpolitologoyelpolitico.com.ar\/wordpress\/wp-json\/wp\/v2\/posts\/33496\/revisions"}],"wp:featuredmedia":[{"embeddable":true,"href":"https:\/\/www.elpolitologoyelpolitico.com.ar\/wordpress\/wp-json\/wp\/v2\/media\/33497"}],"wp:attachment":[{"href":"https:\/\/www.elpolitologoyelpolitico.com.ar\/wordpress\/wp-json\/wp\/v2\/media?parent=33496"}],"wp:term":[{"taxonomy":"category","embeddable":true,"href":"https:\/\/www.elpolitologoyelpolitico.com.ar\/wordpress\/wp-json\/wp\/v2\/categories?post=33496"},{"taxonomy":"post_tag","embeddable":true,"href":"https:\/\/www.elpolitologoyelpolitico.com.ar\/wordpress\/wp-json\/wp\/v2\/tags?post=33496"}],"curies":[{"name":"wp","href":"https:\/\/api.w.org\/{rel}","templated":true}]}}