{"id":33437,"date":"2023-08-12T18:36:01","date_gmt":"2023-08-12T18:36:01","guid":{"rendered":"https:\/\/www.elpolitologoyelpolitico.com.ar\/wordpress\/?p=33437"},"modified":"2023-08-12T18:36:02","modified_gmt":"2023-08-12T18:36:02","slug":"estudiantes-de-patagones-participaron-de-una-nueva-jornada-sobre-uso-responsable-de-las-redes-sociales","status":"publish","type":"post","link":"https:\/\/www.elpolitologoyelpolitico.com.ar\/wordpress\/2023\/08\/12\/estudiantes-de-patagones-participaron-de-una-nueva-jornada-sobre-uso-responsable-de-las-redes-sociales\/","title":{"rendered":"Estudiantes de Patagones participaron de una nueva jornada sobre uso responsable de las redes sociales"},"content":{"rendered":"\n<p>Una nueva y convocante jornada se concret\u00f3 este viernes por la ma\u00f1ana con la participaci\u00f3n de todos los alumnos del secundario del Colegio Mar\u00eda Auxiliadora, de Carmen de Patagones.<\/p>\n\n\n\n<p>El eje del encuentro, que se realiz\u00f3 en el marco de una jornada de convivencia organizada por la instituci\u00f3n, fue abordar la tem\u00e1tica de uso responsable de redes sociales, cuyo contenido esta enmarcado dentro de la planificaci\u00f3n en materia de prevenci\u00f3n y sensibilizaci\u00f3n que viene desarrollando la Coordinaci\u00f3n de Programas P\u00fablicos, la Secretaria de Seguridad y el equipo t\u00e9cnico de la Comisar\u00eda de la Familia de la Ciudad de Viedma, en conjunto con la Comisar\u00eda de la Mujer de Patagones.<\/p>\n\n\n\n<p>Se trabaj\u00f3 con docentes, alumnos y alumnas con distintas estrategias, de manera que se desplieguen conceptos fundamentales, tales como sexting, sextorsi\u00f3n y grooming.<\/p>\n\n\n\n<p>La activa participaci\u00f3n de los estudiantes permiti\u00f3 la realizaci\u00f3n de diferentes din\u00e1micas reflexivas, intercambio de contenidos y apreciaciones que enriquecieron el desarrollo de la jornada.<\/p>\n\n\n\n<p>Al respecto, el Coordinador de Programas P\u00fablicos, Lucio G\u00e1latro, agradeci\u00f3 a las autoridades y al equipo docente de la instituci\u00f3n por la predisposici\u00f3n para trabajar en conjunto para prevenir y concientizar sobre el delito de Grooming.<\/p>\n\n\n\n<p>\u00abSeguimos avanzando en todo el Partido con estas acciones que son tan importantes para la protecci\u00f3n de nuestros ni\u00f1os, ni\u00f1as y adolescentes\u00bb, expres\u00f3 G\u00e1latro, al tiempo que valor\u00f3 la constante demanda de las escuelas para recibir las charlas, \u00ablo que demuestra el compromiso con la educaci\u00f3n integral de las nuevas generaciones\u00bb.<\/p>\n\n\n\n<p><\/p>\n\n\n\n<figure class=\"wp-block-image size-large\"><img fetchpriority=\"high\" decoding=\"async\" width=\"1024\" height=\"386\" src=\"https:\/\/www.elpolitologoyelpolitico.com.ar\/wp-content\/uploads\/2023\/08\/IMG-20230812-WA0005-1024x386.jpg\" alt=\"\" class=\"wp-image-33439\" srcset=\"https:\/\/www.elpolitologoyelpolitico.com.ar\/wp-content\/uploads\/2023\/08\/IMG-20230812-WA0005-1024x386.jpg 1024w, https:\/\/www.elpolitologoyelpolitico.com.ar\/wp-content\/uploads\/2023\/08\/IMG-20230812-WA0005-300x113.jpg 300w, https:\/\/www.elpolitologoyelpolitico.com.ar\/wp-content\/uploads\/2023\/08\/IMG-20230812-WA0005-768x290.jpg 768w, https:\/\/www.elpolitologoyelpolitico.com.ar\/wp-content\/uploads\/2023\/08\/IMG-20230812-WA0005-1536x579.jpg 1536w, https:\/\/www.elpolitologoyelpolitico.com.ar\/wp-content\/uploads\/2023\/08\/IMG-20230812-WA0005.jpg 1593w\" sizes=\"(max-width: 1024px) 100vw, 1024px\" \/><\/figure>\n<div class=\"fb-background-color\">\n\t\t\t  <div \n\t\t\t  \tclass = \"fb-comments\" \n\t\t\t  \tdata-href = \"https:\/\/www.elpolitologoyelpolitico.com.ar\/wordpress\/2023\/08\/12\/estudiantes-de-patagones-participaron-de-una-nueva-jornada-sobre-uso-responsable-de-las-redes-sociales\/\"\n\t\t\t  \tdata-numposts = \"10\"\n\t\t\t  \tdata-lazy = \"true\"\n\t\t\t\tdata-colorscheme = \"light\"\n\t\t\t\tdata-order-by = \"social\"\n\t\t\t\tdata-mobile=true>\n\t\t\t  <\/div><\/div>\n\t\t  <style>\n\t\t    .fb-background-color {\n\t\t\t\tbackground: #ffffff !important;\n\t\t\t}\n\t\t\t.fb_iframe_widget_fluid_desktop iframe {\n\t\t\t    width: 100% !important;\n\t\t\t}\n\t\t  <\/style>\n\t\t  ","protected":false},"excerpt":{"rendered":"<p>Una nueva y convocante jornada se concret\u00f3 este viernes por la ma\u00f1ana con la participaci\u00f3n de todos los alumnos del secundario del Colegio Mar\u00eda Auxiliadora, de Carmen de Patagones. El eje del encuentro, que se realiz\u00f3 en el marco de una jornada de convivencia organizada por la instituci\u00f3n, fue abordar la tem\u00e1tica de uso responsable [&hellip;]<\/p>\n","protected":false},"author":4,"featured_media":33438,"comment_status":"closed","ping_status":"closed","sticky":false,"template":"","format":"standard","meta":{"_joinchat":[],"footnotes":""},"categories":[39],"tags":[],"class_list":["post-33437","post","type-post","status-publish","format-standard","has-post-thumbnail","hentry","category-en-esta-seccion"],"_links":{"self":[{"href":"https:\/\/www.elpolitologoyelpolitico.com.ar\/wordpress\/wp-json\/wp\/v2\/posts\/33437","targetHints":{"allow":["GET"]}}],"collection":[{"href":"https:\/\/www.elpolitologoyelpolitico.com.ar\/wordpress\/wp-json\/wp\/v2\/posts"}],"about":[{"href":"https:\/\/www.elpolitologoyelpolitico.com.ar\/wordpress\/wp-json\/wp\/v2\/types\/post"}],"author":[{"embeddable":true,"href":"https:\/\/www.elpolitologoyelpolitico.com.ar\/wordpress\/wp-json\/wp\/v2\/users\/4"}],"replies":[{"embeddable":true,"href":"https:\/\/www.elpolitologoyelpolitico.com.ar\/wordpress\/wp-json\/wp\/v2\/comments?post=33437"}],"version-history":[{"count":0,"href":"https:\/\/www.elpolitologoyelpolitico.com.ar\/wordpress\/wp-json\/wp\/v2\/posts\/33437\/revisions"}],"wp:featuredmedia":[{"embeddable":true,"href":"https:\/\/www.elpolitologoyelpolitico.com.ar\/wordpress\/wp-json\/wp\/v2\/media\/33438"}],"wp:attachment":[{"href":"https:\/\/www.elpolitologoyelpolitico.com.ar\/wordpress\/wp-json\/wp\/v2\/media?parent=33437"}],"wp:term":[{"taxonomy":"category","embeddable":true,"href":"https:\/\/www.elpolitologoyelpolitico.com.ar\/wordpress\/wp-json\/wp\/v2\/categories?post=33437"},{"taxonomy":"post_tag","embeddable":true,"href":"https:\/\/www.elpolitologoyelpolitico.com.ar\/wordpress\/wp-json\/wp\/v2\/tags?post=33437"}],"curies":[{"name":"wp","href":"https:\/\/api.w.org\/{rel}","templated":true}]}}