{"id":33408,"date":"2023-08-11T23:38:51","date_gmt":"2023-08-11T23:38:51","guid":{"rendered":"https:\/\/www.elpolitologoyelpolitico.com.ar\/wordpress\/?p=33408"},"modified":"2023-08-11T23:38:53","modified_gmt":"2023-08-11T23:38:53","slug":"comienzan-las-clases-de-las-escuelas-municipales-de-deportes-de-arena","status":"publish","type":"post","link":"https:\/\/www.elpolitologoyelpolitico.com.ar\/wordpress\/2023\/08\/11\/comienzan-las-clases-de-las-escuelas-municipales-de-deportes-de-arena\/","title":{"rendered":"Comienzan las clases de las escuelas municipales de Deportes de arena"},"content":{"rendered":"\n<p>Desde el lunes 14 de agosto el Gobierno de Viedma inicia las actividades correspondientes al programa municipal de Escuelas de Deportes de Arena.<\/p>\n\n\n\n<p>Las clases de beach handball, beach voley y beach f\u00fatbol estar\u00e1n destinadas a ni\u00f1os, ni\u00f1as y adolescentes, de entre 6 y 17 a\u00f1os.<\/p>\n\n\n\n<p>Quienes deseen participar podr\u00e1n anotarse en el Gimnasio Fioravanti Ruggeri de lunes a viernes de 8 a 12. Al momento de inscribirse se deber\u00e1 presentar la madre, el padre o tutor a cargo con fotocopia de DNI.<\/p>\n\n\n\n<p>Las clases se dictar\u00e1n durante los d\u00edas de semana: los martes y jueves de 15.30 a 17.30hs se dictar\u00e1 voley, mi\u00e9rcoles y viernes de 17 a 18hs beach handball y martes y jueves de 17.30 a 19.30 beach f\u00fatbol.<\/p>\n\n\n\n<p>Este a\u00f1o, las propuestas deportivas de deportes de arena se desarrollar\u00e1n en el caj\u00f3n de arena detr\u00e1s del gimnasio Anexo.<\/p>\n<div class=\"fb-background-color\">\n\t\t\t  <div \n\t\t\t  \tclass = \"fb-comments\" \n\t\t\t  \tdata-href = \"https:\/\/www.elpolitologoyelpolitico.com.ar\/wordpress\/2023\/08\/11\/comienzan-las-clases-de-las-escuelas-municipales-de-deportes-de-arena\/\"\n\t\t\t  \tdata-numposts = \"10\"\n\t\t\t  \tdata-lazy = \"true\"\n\t\t\t\tdata-colorscheme = \"light\"\n\t\t\t\tdata-order-by = \"social\"\n\t\t\t\tdata-mobile=true>\n\t\t\t  <\/div><\/div>\n\t\t  <style>\n\t\t    .fb-background-color {\n\t\t\t\tbackground: #ffffff !important;\n\t\t\t}\n\t\t\t.fb_iframe_widget_fluid_desktop iframe {\n\t\t\t    width: 100% !important;\n\t\t\t}\n\t\t  <\/style>\n\t\t  ","protected":false},"excerpt":{"rendered":"<p>Desde el lunes 14 de agosto el Gobierno de Viedma inicia las actividades correspondientes al programa municipal de Escuelas de Deportes de Arena. Las clases de beach handball, beach voley y beach f\u00fatbol estar\u00e1n destinadas a ni\u00f1os, ni\u00f1as y adolescentes, de entre 6 y 17 a\u00f1os. Quienes deseen participar podr\u00e1n anotarse en el Gimnasio Fioravanti [&hellip;]<\/p>\n","protected":false},"author":4,"featured_media":33409,"comment_status":"closed","ping_status":"closed","sticky":false,"template":"","format":"standard","meta":{"_joinchat":[],"footnotes":""},"categories":[39],"tags":[],"class_list":["post-33408","post","type-post","status-publish","format-standard","has-post-thumbnail","hentry","category-en-esta-seccion"],"_links":{"self":[{"href":"https:\/\/www.elpolitologoyelpolitico.com.ar\/wordpress\/wp-json\/wp\/v2\/posts\/33408","targetHints":{"allow":["GET"]}}],"collection":[{"href":"https:\/\/www.elpolitologoyelpolitico.com.ar\/wordpress\/wp-json\/wp\/v2\/posts"}],"about":[{"href":"https:\/\/www.elpolitologoyelpolitico.com.ar\/wordpress\/wp-json\/wp\/v2\/types\/post"}],"author":[{"embeddable":true,"href":"https:\/\/www.elpolitologoyelpolitico.com.ar\/wordpress\/wp-json\/wp\/v2\/users\/4"}],"replies":[{"embeddable":true,"href":"https:\/\/www.elpolitologoyelpolitico.com.ar\/wordpress\/wp-json\/wp\/v2\/comments?post=33408"}],"version-history":[{"count":0,"href":"https:\/\/www.elpolitologoyelpolitico.com.ar\/wordpress\/wp-json\/wp\/v2\/posts\/33408\/revisions"}],"wp:featuredmedia":[{"embeddable":true,"href":"https:\/\/www.elpolitologoyelpolitico.com.ar\/wordpress\/wp-json\/wp\/v2\/media\/33409"}],"wp:attachment":[{"href":"https:\/\/www.elpolitologoyelpolitico.com.ar\/wordpress\/wp-json\/wp\/v2\/media?parent=33408"}],"wp:term":[{"taxonomy":"category","embeddable":true,"href":"https:\/\/www.elpolitologoyelpolitico.com.ar\/wordpress\/wp-json\/wp\/v2\/categories?post=33408"},{"taxonomy":"post_tag","embeddable":true,"href":"https:\/\/www.elpolitologoyelpolitico.com.ar\/wordpress\/wp-json\/wp\/v2\/tags?post=33408"}],"curies":[{"name":"wp","href":"https:\/\/api.w.org\/{rel}","templated":true}]}}