{"id":3333,"date":"2021-05-21T20:30:00","date_gmt":"2021-05-21T20:30:00","guid":{"rendered":"https:\/\/www.elpolitologoyelpolitico.com.ar\/wordpress\/?p=3333"},"modified":"2021-05-26T19:17:46","modified_gmt":"2021-05-26T19:17:46","slug":"en-villalonga-el-martes-25-no-habra-recoleccion-de-residuos","status":"publish","type":"post","link":"https:\/\/www.elpolitologoyelpolitico.com.ar\/wordpress\/2021\/05\/21\/en-villalonga-el-martes-25-no-habra-recoleccion-de-residuos\/","title":{"rendered":"En Villalonga, el martes 25 no habr\u00e1 recolecci\u00f3n de residuos"},"content":{"rendered":"\t\t<div data-elementor-type=\"wp-post\" data-elementor-id=\"3333\" class=\"elementor elementor-3333\">\n\t\t\t\t\t\t<section class=\"elementor-section elementor-top-section elementor-element elementor-element-676ed3d elementor-section-boxed elementor-section-height-default elementor-section-height-default\" data-id=\"676ed3d\" data-element_type=\"section\" data-e-type=\"section\">\n\t\t\t\t\t\t<div class=\"elementor-container elementor-column-gap-default\">\n\t\t\t\t\t<div class=\"elementor-column elementor-col-100 elementor-top-column elementor-element elementor-element-4c6e0c20\" data-id=\"4c6e0c20\" data-element_type=\"column\" data-e-type=\"column\">\n\t\t\t<div class=\"elementor-widget-wrap elementor-element-populated\">\n\t\t\t\t\t\t<div class=\"elementor-element elementor-element-5657fb5f elementor-widget elementor-widget-text-editor\" data-id=\"5657fb5f\" data-element_type=\"widget\" data-e-type=\"widget\" data-widget_type=\"text-editor.default\">\n\t\t\t\t<div class=\"elementor-widget-container\">\n\t\t\t\t\t\t\t\t\t\n<p>La Delegaci\u00f3n Municipal&nbsp;de Villalonga informa a los vecinos que, con motivo del feriado por las fechas patrias, se modific\u00f3 el servicio de recolecci\u00f3n de residuos.<\/p>\n\n\n\n<p>Seg\u00fan confirm\u00f3 la delegada, Luisina Ponce Le\u00f3n, la prestaci\u00f3n funcionar\u00e1 con normalidad el d\u00eda lunes, 24 de mayo, mientras que el martes 25 no habr\u00e1 servicio.<\/p>\n\n\n\n<p>Por tal motivo, se solicita a los vecinos no retirar a la v\u00eda p\u00fablica los residuos el d\u00eda martes.<\/p>\n\n\n\n<p>El servicio se reanudar\u00e1, de acuerdo al cronograma previsto, el mi\u00e9rcoles 26 de mayo.<\/p>\n\t\t\t\t\t\t\t\t<\/div>\n\t\t\t\t<\/div>\n\t\t\t\t\t<\/div>\n\t\t<\/div>\n\t\t\t\t\t<\/div>\n\t\t<\/section>\n\t\t\t\t<\/div>\n\t\t<div class=\"fb-background-color\">\n\t\t\t  <div \n\t\t\t  \tclass = \"fb-comments\" \n\t\t\t  \tdata-href = \"https:\/\/www.elpolitologoyelpolitico.com.ar\/wordpress\/2021\/05\/21\/en-villalonga-el-martes-25-no-habra-recoleccion-de-residuos\/\"\n\t\t\t  \tdata-numposts = \"10\"\n\t\t\t  \tdata-lazy = \"true\"\n\t\t\t\tdata-colorscheme = \"light\"\n\t\t\t\tdata-order-by = \"social\"\n\t\t\t\tdata-mobile=true>\n\t\t\t  <\/div><\/div>\n\t\t  <style>\n\t\t    .fb-background-color {\n\t\t\t\tbackground: #ffffff !important;\n\t\t\t}\n\t\t\t.fb_iframe_widget_fluid_desktop iframe {\n\t\t\t    width: 100% !important;\n\t\t\t}\n\t\t  <\/style>\n\t\t  ","protected":false},"excerpt":{"rendered":"<p>La Delegaci\u00f3n Municipal&nbsp;de Villalonga informa a los vecinos que, con motivo del feriado por las fechas patrias, se modific\u00f3 el servicio de recolecci\u00f3n de residuos. Seg\u00fan confirm\u00f3 la delegada, Luisina Ponce Le\u00f3n, la prestaci\u00f3n funcionar\u00e1 con normalidad el d\u00eda lunes, 24 de mayo, mientras que el martes 25 no habr\u00e1 servicio. Por tal motivo, se [&hellip;]<\/p>\n","protected":false},"author":4,"featured_media":3222,"comment_status":"closed","ping_status":"closed","sticky":false,"template":"","format":"standard","meta":{"_joinchat":[],"footnotes":""},"categories":[39],"tags":[],"class_list":["post-3333","post","type-post","status-publish","format-standard","has-post-thumbnail","hentry","category-en-esta-seccion"],"_links":{"self":[{"href":"https:\/\/www.elpolitologoyelpolitico.com.ar\/wordpress\/wp-json\/wp\/v2\/posts\/3333","targetHints":{"allow":["GET"]}}],"collection":[{"href":"https:\/\/www.elpolitologoyelpolitico.com.ar\/wordpress\/wp-json\/wp\/v2\/posts"}],"about":[{"href":"https:\/\/www.elpolitologoyelpolitico.com.ar\/wordpress\/wp-json\/wp\/v2\/types\/post"}],"author":[{"embeddable":true,"href":"https:\/\/www.elpolitologoyelpolitico.com.ar\/wordpress\/wp-json\/wp\/v2\/users\/4"}],"replies":[{"embeddable":true,"href":"https:\/\/www.elpolitologoyelpolitico.com.ar\/wordpress\/wp-json\/wp\/v2\/comments?post=3333"}],"version-history":[{"count":0,"href":"https:\/\/www.elpolitologoyelpolitico.com.ar\/wordpress\/wp-json\/wp\/v2\/posts\/3333\/revisions"}],"wp:featuredmedia":[{"embeddable":true,"href":"https:\/\/www.elpolitologoyelpolitico.com.ar\/wordpress\/wp-json\/wp\/v2\/media\/3222"}],"wp:attachment":[{"href":"https:\/\/www.elpolitologoyelpolitico.com.ar\/wordpress\/wp-json\/wp\/v2\/media?parent=3333"}],"wp:term":[{"taxonomy":"category","embeddable":true,"href":"https:\/\/www.elpolitologoyelpolitico.com.ar\/wordpress\/wp-json\/wp\/v2\/categories?post=3333"},{"taxonomy":"post_tag","embeddable":true,"href":"https:\/\/www.elpolitologoyelpolitico.com.ar\/wordpress\/wp-json\/wp\/v2\/tags?post=3333"}],"curies":[{"name":"wp","href":"https:\/\/api.w.org\/{rel}","templated":true}]}}