{"id":3326,"date":"2021-05-21T20:01:00","date_gmt":"2021-05-21T20:01:00","guid":{"rendered":"https:\/\/www.elpolitologoyelpolitico.com.ar\/wordpress\/?p=3326"},"modified":"2021-05-26T19:02:01","modified_gmt":"2021-05-26T19:02:01","slug":"covid-en-patagones-ya-son-231-los-casos-positivos-activos","status":"publish","type":"post","link":"https:\/\/www.elpolitologoyelpolitico.com.ar\/wordpress\/2021\/05\/21\/covid-en-patagones-ya-son-231-los-casos-positivos-activos\/","title":{"rendered":"COVID en Patagones: Ya son 231 los casos positivos activos"},"content":{"rendered":"\n<p>La Secretar\u00eda de Salud de Patagones confirm\u00f3 que se registraron 46 nuevos casos positivos de COVID en Patagones.<\/p>\n\n\n\n<p>Adem\u00e1s, inform\u00f3 que fueron descartados, a trav\u00e9s de los estudios correspondientes, 12 sospechosos, mientras que 22 pacientes recibieron el alta.<\/p>\n\n\n\n<p>A la fecha, son 231 los positivos activos, 3293 los estudios con resultado negativo y 2258 los pacientes recuperados.<\/p>\n\n\n\n<p>En tanto, desde el inicio de la pandemia, suman 67 los fallecidos.<\/p>\n\n\n\n<p>Se recomienda a la poblaci\u00f3n continuar tomando todas las medidas preventivas; mantener el distanciamiento social, procurar el constante lavado de manos; uso de alcohol en gel y cubrebocas.<\/p>\n\n\n\n<p>Finalmente, se insta a continuar informados a trav\u00e9s de los canales oficiales.<\/p>\n<div class=\"fb-background-color\">\n\t\t\t  <div \n\t\t\t  \tclass = \"fb-comments\" \n\t\t\t  \tdata-href = \"https:\/\/www.elpolitologoyelpolitico.com.ar\/wordpress\/2021\/05\/21\/covid-en-patagones-ya-son-231-los-casos-positivos-activos\/\"\n\t\t\t  \tdata-numposts = \"10\"\n\t\t\t  \tdata-lazy = \"true\"\n\t\t\t\tdata-colorscheme = \"light\"\n\t\t\t\tdata-order-by = \"social\"\n\t\t\t\tdata-mobile=true>\n\t\t\t  <\/div><\/div>\n\t\t  <style>\n\t\t    .fb-background-color {\n\t\t\t\tbackground: #ffffff !important;\n\t\t\t}\n\t\t\t.fb_iframe_widget_fluid_desktop iframe {\n\t\t\t    width: 100% !important;\n\t\t\t}\n\t\t  <\/style>\n\t\t  ","protected":false},"excerpt":{"rendered":"<p>La Secretar\u00eda de Salud de Patagones confirm\u00f3 que se registraron 46 nuevos casos positivos de COVID en Patagones. Adem\u00e1s, inform\u00f3 que fueron descartados, a trav\u00e9s de los estudios correspondientes, 12 sospechosos, mientras que 22 pacientes recibieron el alta. A la fecha, son 231 los positivos activos, 3293 los estudios con resultado negativo y 2258 los [&hellip;]<\/p>\n","protected":false},"author":4,"featured_media":3213,"comment_status":"closed","ping_status":"closed","sticky":false,"template":"","format":"standard","meta":{"_joinchat":[],"footnotes":""},"categories":[39],"tags":[],"class_list":["post-3326","post","type-post","status-publish","format-standard","has-post-thumbnail","hentry","category-en-esta-seccion"],"_links":{"self":[{"href":"https:\/\/www.elpolitologoyelpolitico.com.ar\/wordpress\/wp-json\/wp\/v2\/posts\/3326","targetHints":{"allow":["GET"]}}],"collection":[{"href":"https:\/\/www.elpolitologoyelpolitico.com.ar\/wordpress\/wp-json\/wp\/v2\/posts"}],"about":[{"href":"https:\/\/www.elpolitologoyelpolitico.com.ar\/wordpress\/wp-json\/wp\/v2\/types\/post"}],"author":[{"embeddable":true,"href":"https:\/\/www.elpolitologoyelpolitico.com.ar\/wordpress\/wp-json\/wp\/v2\/users\/4"}],"replies":[{"embeddable":true,"href":"https:\/\/www.elpolitologoyelpolitico.com.ar\/wordpress\/wp-json\/wp\/v2\/comments?post=3326"}],"version-history":[{"count":0,"href":"https:\/\/www.elpolitologoyelpolitico.com.ar\/wordpress\/wp-json\/wp\/v2\/posts\/3326\/revisions"}],"wp:featuredmedia":[{"embeddable":true,"href":"https:\/\/www.elpolitologoyelpolitico.com.ar\/wordpress\/wp-json\/wp\/v2\/media\/3213"}],"wp:attachment":[{"href":"https:\/\/www.elpolitologoyelpolitico.com.ar\/wordpress\/wp-json\/wp\/v2\/media?parent=3326"}],"wp:term":[{"taxonomy":"category","embeddable":true,"href":"https:\/\/www.elpolitologoyelpolitico.com.ar\/wordpress\/wp-json\/wp\/v2\/categories?post=3326"},{"taxonomy":"post_tag","embeddable":true,"href":"https:\/\/www.elpolitologoyelpolitico.com.ar\/wordpress\/wp-json\/wp\/v2\/tags?post=3326"}],"curies":[{"name":"wp","href":"https:\/\/api.w.org\/{rel}","templated":true}]}}