{"id":3320,"date":"2021-05-21T18:51:00","date_gmt":"2021-05-21T18:51:00","guid":{"rendered":"https:\/\/www.elpolitologoyelpolitico.com.ar\/wordpress\/?p=3320"},"modified":"2021-05-26T18:55:51","modified_gmt":"2021-05-26T18:55:51","slug":"es-muy-probable-que-nosotros-pasemos-a-un-total-aislamiento-como-ha-dicho-el-presidente-a-fase-1%e2%80%b3","status":"publish","type":"post","link":"https:\/\/www.elpolitologoyelpolitico.com.ar\/wordpress\/2021\/05\/21\/es-muy-probable-que-nosotros-pasemos-a-un-total-aislamiento-como-ha-dicho-el-presidente-a-fase-1%e2%80%b3\/","title":{"rendered":"Es muy probable que nosotros pasemos a un total aislamiento, como ha dicho el Presidente a Fase 1\u2033"},"content":{"rendered":"\t\t<div data-elementor-type=\"wp-post\" data-elementor-id=\"3320\" class=\"elementor elementor-3320\">\n\t\t\t\t\t\t<section class=\"elementor-section elementor-top-section elementor-element elementor-element-275d92b2 elementor-section-boxed elementor-section-height-default elementor-section-height-default\" data-id=\"275d92b2\" data-element_type=\"section\" data-e-type=\"section\">\n\t\t\t\t\t\t<div class=\"elementor-container elementor-column-gap-default\">\n\t\t\t\t\t<div class=\"elementor-column elementor-col-100 elementor-top-column elementor-element elementor-element-6703088b\" data-id=\"6703088b\" data-element_type=\"column\" data-e-type=\"column\">\n\t\t\t<div class=\"elementor-widget-wrap elementor-element-populated\">\n\t\t\t\t\t\t<div class=\"elementor-element elementor-element-4beb0f3f elementor-widget elementor-widget-text-editor\" data-id=\"4beb0f3f\" data-element_type=\"widget\" data-e-type=\"widget\" data-widget_type=\"text-editor.default\">\n\t\t\t\t<div class=\"elementor-widget-container\">\n\t\t\t\t\t\t\t\t\t\n<p><\/p>\n\n\n\n<figure class=\"wp-block-audio\"><audio controls src=\"https:\/\/www.elpolitologoyelpolitico.com.ar\/wp-content\/uploads\/2021\/05\/WhatsApp-Audio-2021-05-21-at-9.12.01-AM-online-audio-converter.com_.mp3\"><\/audio><\/figure>\n\n\n\n<p>El intendente Jos\u00e9 Zara, habl\u00f3 acerca de las medidas anunciadas por el Presidente Fernandez durante el d\u00eda de ayer y como impacta en Patagones.<\/p>\n\n\n\n<p>Seg\u00fan Jos\u00e9 Luis Zara \u00abLa situaci\u00f3n del partido es complicada y tenemos nueva suba de casos, ya son 46 casos positivos nuevos y nos vamos a 238 activos\u00bb. Adem\u00e1s agreg\u00f3 \u00abTodav\u00eda tenemos que esperar hasta tener la resoluci\u00f3n del Gobierno Provincial\u201d<\/p>\n\n\n\n<p>El Partido de Patagones en una de las zonas que se encuentran en una situaci\u00f3n critica por los aumentos de casos y el actual intendente expreso \u201cEstamos como riesgo epidemiol\u00f3gico con la cantidad de casos que estamos teniendo, pero nosotros dependemos de las resoluciones de la Provincia y es muy probable que nosotros pasemos como ha dicho el presidente a fase 1\u201d.<\/p>\n\n\n\n<p>Con respecto a la vacunaci\u00f3n afirm\u00f3 que el bajo ingreso de vacunas en el partido&nbsp; llev\u00f3 a que hoy estemos con cierto numero de habitantes vacunados.<\/p>\n\n\n\n<p>\u00abEs una cepa nueva m\u00e1s contagiosa y estamos entrando al invierno con muchos casos\u201d y a\u00f1adi\u00f3 \u201cYo creo que la responsabilidad es un conjunto entre el Estado y la Sociedad, la pandemia es agotadora, la \u00fanica salida es tener m\u00e1s gente vacunada y el no tenerlas en tiempo y forma hace que nos pase esto\u00bb sostuvo Jos\u00e9 Zara.<\/p>\n\n\n\n<p>Por otra parte, estuvo en comunicaci\u00f3n con el intendente de Viedma Pedro Pesatti, para planificar ciertas medidas para la Comarca Viedma- Patagones.<\/p>\n\t\t\t\t\t\t\t\t<\/div>\n\t\t\t\t<\/div>\n\t\t\t\t\t<\/div>\n\t\t<\/div>\n\t\t\t\t\t<\/div>\n\t\t<\/section>\n\t\t\t\t<\/div>\n\t\t<div class=\"fb-background-color\">\n\t\t\t  <div \n\t\t\t  \tclass = \"fb-comments\" \n\t\t\t  \tdata-href = \"https:\/\/www.elpolitologoyelpolitico.com.ar\/wordpress\/2021\/05\/21\/es-muy-probable-que-nosotros-pasemos-a-un-total-aislamiento-como-ha-dicho-el-presidente-a-fase-1%e2%80%b3\/\"\n\t\t\t  \tdata-numposts = \"10\"\n\t\t\t  \tdata-lazy = \"true\"\n\t\t\t\tdata-colorscheme = \"light\"\n\t\t\t\tdata-order-by = \"social\"\n\t\t\t\tdata-mobile=true>\n\t\t\t  <\/div><\/div>\n\t\t  <style>\n\t\t    .fb-background-color {\n\t\t\t\tbackground: #ffffff !important;\n\t\t\t}\n\t\t\t.fb_iframe_widget_fluid_desktop iframe {\n\t\t\t    width: 100% !important;\n\t\t\t}\n\t\t  <\/style>\n\t\t  ","protected":false},"excerpt":{"rendered":"<p>El intendente Jos\u00e9 Zara, habl\u00f3 acerca de las medidas anunciadas por el Presidente Fernandez durante el d\u00eda de ayer y como impacta en Patagones. Seg\u00fan Jos\u00e9 Luis Zara \u00abLa situaci\u00f3n del partido es complicada y tenemos nueva suba de casos, ya son 46 casos positivos nuevos y nos vamos a 238 activos\u00bb. Adem\u00e1s agreg\u00f3 \u00abTodav\u00eda [&hellip;]<\/p>\n","protected":false},"author":4,"featured_media":3227,"comment_status":"closed","ping_status":"closed","sticky":false,"template":"","format":"standard","meta":{"_joinchat":[],"footnotes":""},"categories":[39],"tags":[],"class_list":["post-3320","post","type-post","status-publish","format-standard","has-post-thumbnail","hentry","category-en-esta-seccion"],"_links":{"self":[{"href":"https:\/\/www.elpolitologoyelpolitico.com.ar\/wordpress\/wp-json\/wp\/v2\/posts\/3320","targetHints":{"allow":["GET"]}}],"collection":[{"href":"https:\/\/www.elpolitologoyelpolitico.com.ar\/wordpress\/wp-json\/wp\/v2\/posts"}],"about":[{"href":"https:\/\/www.elpolitologoyelpolitico.com.ar\/wordpress\/wp-json\/wp\/v2\/types\/post"}],"author":[{"embeddable":true,"href":"https:\/\/www.elpolitologoyelpolitico.com.ar\/wordpress\/wp-json\/wp\/v2\/users\/4"}],"replies":[{"embeddable":true,"href":"https:\/\/www.elpolitologoyelpolitico.com.ar\/wordpress\/wp-json\/wp\/v2\/comments?post=3320"}],"version-history":[{"count":0,"href":"https:\/\/www.elpolitologoyelpolitico.com.ar\/wordpress\/wp-json\/wp\/v2\/posts\/3320\/revisions"}],"wp:featuredmedia":[{"embeddable":true,"href":"https:\/\/www.elpolitologoyelpolitico.com.ar\/wordpress\/wp-json\/wp\/v2\/media\/3227"}],"wp:attachment":[{"href":"https:\/\/www.elpolitologoyelpolitico.com.ar\/wordpress\/wp-json\/wp\/v2\/media?parent=3320"}],"wp:term":[{"taxonomy":"category","embeddable":true,"href":"https:\/\/www.elpolitologoyelpolitico.com.ar\/wordpress\/wp-json\/wp\/v2\/categories?post=3320"},{"taxonomy":"post_tag","embeddable":true,"href":"https:\/\/www.elpolitologoyelpolitico.com.ar\/wordpress\/wp-json\/wp\/v2\/tags?post=3320"}],"curies":[{"name":"wp","href":"https:\/\/api.w.org\/{rel}","templated":true}]}}