{"id":3311,"date":"2021-05-20T21:33:00","date_gmt":"2021-05-20T21:33:00","guid":{"rendered":"https:\/\/www.elpolitologoyelpolitico.com.ar\/wordpress\/?p=3311"},"modified":"2021-05-26T18:43:36","modified_gmt":"2021-05-26T18:43:36","slug":"sexta-sesion-en-villalonga","status":"publish","type":"post","link":"https:\/\/www.elpolitologoyelpolitico.com.ar\/wordpress\/2021\/05\/20\/sexta-sesion-en-villalonga\/","title":{"rendered":"SEXTA SESI\u00d3N EN VILLALONGA"},"content":{"rendered":"\t\t<div data-elementor-type=\"wp-post\" data-elementor-id=\"3311\" class=\"elementor elementor-3311\">\n\t\t\t\t\t\t<section class=\"elementor-section elementor-top-section elementor-element elementor-element-f08a13b elementor-section-boxed elementor-section-height-default elementor-section-height-default\" data-id=\"f08a13b\" data-element_type=\"section\" data-e-type=\"section\">\n\t\t\t\t\t\t<div class=\"elementor-container elementor-column-gap-default\">\n\t\t\t\t\t<div class=\"elementor-column elementor-col-100 elementor-top-column elementor-element elementor-element-5932c431\" data-id=\"5932c431\" data-element_type=\"column\" data-e-type=\"column\">\n\t\t\t<div class=\"elementor-widget-wrap elementor-element-populated\">\n\t\t\t\t\t\t<div class=\"elementor-element elementor-element-70f30a79 elementor-widget elementor-widget-text-editor\" data-id=\"70f30a79\" data-element_type=\"widget\" data-e-type=\"widget\" data-widget_type=\"text-editor.default\">\n\t\t\t\t<div class=\"elementor-widget-container\">\n\t\t\t\t\t\t\t\t\t\n<p>El HCD se traslad\u00f3 a Villalonga como adhesi\u00f3n al pr\u00f3ximo aniversario de la fundaci\u00f3n de la ciudad.&nbsp;<\/p>\n\n\n\n<p>Una vez iniciada la Sesi\u00f3n la delegada Municipal Luisina Ponce de Le\u00f3n y el Secretario de Pol\u00edticas P\u00fablicas y Jefatura de\u202f Gabinete, Fabio Bettinelli. Dieron la Bienvenida a los Concejales y agradecieron la presencia.&nbsp;<\/p>\n\n\n\n<p><strong>EXPEDIENTES CON DESPACHO DE COMISI\u00d3N.<\/strong>&nbsp;<\/p>\n\n\n\n<p><strong>Iniciado<\/strong>: Concejales HCD&nbsp;<\/p>\n\n\n\n<p><strong>Extracto:<\/strong>\u202fProyecto de Ordenanza. Ref. Imposici\u00f3n de nombre Antonio Omar Lacaze, a calle de Villalonga. La Concejal Ciccone trajo a la memoria el proyecto original presentado por la Concejal Mandato Cumplido Stella Garc\u00eda, quien falleciera un tiempo atr\u00e1s. Con el audio original y la voz de la Concejal Garc\u00eda, se realiz\u00f3 la fundamentaci\u00f3n del proyecto. Momentos de mucha emoci\u00f3n se vivieron en la sala, adem\u00e1s, Cecilia Fochezatto, hija de Stella particip\u00f3 de ese momento tan especial, \u202fcuando las palabras de Stella volvieron a escucharse.&nbsp;<\/p>\n\n\n\n<p>La presencia de Omar Lacaze, ex combatiente de Malvinas, sobreviviente del Crucero General Belgrano, moviliz\u00f3 a los presentes y los que\u202f lo escuchaban, ya \u202fque narr\u00f3 en primera persona el hundimiento del \u201cGeneral Belgrano\u201d. \u202f\u201cQue les puedo decir, es un orgullo enorme, una gran responsabilidad tambi\u00e9n, y yo no me considero un h\u00e9roe, soy un sobreviviente del Belgrano, soy de la \u00faltima tripulaci\u00f3n y bueno, hicimos lo que ten\u00edamos que hacer\u201d.\u202f&nbsp;<\/p>\n\n\n\n<p>Movilizados todos por los recuerdos y las vivencias, se aprob\u00f3 por excepci\u00f3n la imposici\u00f3n de \u201cAntonio Omar Lacaze\u201d a la calle 8 de Villalonga.\u202f Se le entreg\u00f3 un presente a Omar una vez aprobada la Ordenanza.&nbsp;<\/p>\n\n\n\n<p><strong>ORDENANZA CON MODIFICACIONES<\/strong>: Aprobado por Unanimidad.&nbsp;<\/p>\n\n\n\n<p><strong>PROYECTOS INGRESADOS<\/strong>&nbsp;<\/p>\n\n\n\n<p><strong>Iniciado:\u202f<\/strong>Bloque Juntos por el Cambio.-&nbsp;<\/p>\n\n\n\n<p><strong>Extracto:<\/strong>\u202fProyecto de Resoluci\u00f3n. Reafirmar la validez de Declaraci\u00f3n de Inter\u00e9s Municipal a la actividad de Equino terapia realizada en el predio del Club Deportivo Villalonga.- Aprobado por Unanimidad.&nbsp;<\/p>\n\n\n\n<p><strong>Iniciado:<\/strong>\u202fBloque Juntos por el Cambio.-&nbsp;<\/p>\n\n\n\n<p><strong>Extracto:<\/strong>\u202fProyecto de Ordenanza. Declarar\u202f<strong>\u201cVECINA EJEMPLAR\u201d<\/strong>\u202fa la ciudadana Mariangel Gristman.- \u202fAprobado por Unanimidad.\u202f Despu\u00e9s de contar la historia de c\u00f3mo naci\u00f3 la equino terapia, Mariangel expres\u00f3 el agradecimiento a las familias que apoyan esta actividad, record\u00f3 a Miguel Barrios por ser impulsor y constante apoyo de la actividad. Destac\u00f3 la valoraci\u00f3n que la comunidad hace de la actividad. \u201cEstamos muy agradecidos de la comunidad de la que formamos parte. Es muy dif\u00edcil poder poner en palabras lo que pasa all\u00ed adentro, hay que vivenciarlo, hay que estar all\u00ed y saber lo que pasa. y solo la persona que esta lo puede vivir, en cambio, las sonrisas, eso lo producen los caballos, las sonrisas, las ponen los caballos\u201d.\u202f Al finalizar se le entreg\u00f3 un presente.&nbsp;<\/p>\n\n\n\n<p><strong>Iniciado:<\/strong>\u202fBloque Frente de Todos.-&nbsp;<\/p>\n\n\n\n<p><strong>Extracto:<\/strong>\u202fProyecto de Resoluci\u00f3n. Solicitar al Departamento Ejecutivo realizar la construcci\u00f3n de vereda y pared\u00f3n perimetral en el Hospital Arancibia de Villalonga.- Aprobado por Unanimidad.&nbsp;<\/p>\n\n\n\n<p><strong>Iniciado:<\/strong>\u202fBl. Frente Renov. Inter Bl. Frente de Todos.-&nbsp;<\/p>\n\n\n\n<p><strong>Extracto:<\/strong>\u202fProyecto de Resoluci\u00f3n. Solicitar al Departamento Ejecutivo Municipal, gestiones para incorporar a m\u00e1s trabajadores como trabajadores esenciales en el Plan de Vacunaci\u00f3n Nacional contra el Covid-19. Con modificaciones. Aprobado por Unanimidad.&nbsp;<\/p>\n\n\n\n<p><strong>Iniciado:<\/strong>\u202fBloque Juntos por el Cambio.-&nbsp;<\/p>\n\n\n\n<p><strong>Extracto:<\/strong>\u202fProyecto de Resoluci\u00f3n. Solicita se considere crear una Partida presupuestaria para el Consejo Municipal de personas con Discapacidad en el Partido.- Con modificaciones \u2013 Aprobado por Unanimidad.&nbsp;<\/p>\n\n\n\n<p><strong>Iniciado:<\/strong>\u202fBloq. Frente Renovador- Inter Blo. Frente de Todos.-\u202f\u202f\u202f\u202f\u202f&nbsp;<\/p>\n\n\n\n<p><strong>Extracto:<\/strong>\u202fProyecto de Resoluci\u00f3n. Solicitar gestiones para ampliar el horario de la oficina postal en Villalonga.- Aprobado por Unanimidad.&nbsp;<\/p>\n\n\n\n<p>El Concejal Ariel Zvenger, saludo a los ciudadanos de Villalonga y Present\u00f3 un Proyecto de Resoluci\u00f3n:&nbsp;<\/p>\n\n\n\n<p><strong>Por Art\u00edculo 81<\/strong>\u202f\u2013 se ingres\u00f3 Proyecto de Ordenanza que en su articulado m\u00e1s importante reza:&nbsp;<\/p>\n\n\n\n<p>RESOLUCI\u00d3N: Adherir al Proyecto presentado en la Honorable C\u00e1mara de Senadores de la provincia de Buenos Aires \u2013 Declarando de Enteres Legislativo al \u201c92\u00b0 Aniversario de la Localidad de Villalonga\u201d, Partido de patagones, a celebrarse el d\u00eda 29 de mayo de 2021.&nbsp;<\/p>\n\n\n\n<p>Proyecto impulsado por\u202fVicepresidente 1\u00ba\u202f Alfredo Fisher Honorable C\u00e1mara de \u202fSenadores de la Provincia de Buenos Aires.-\u202f Aprobado por Unanimidad.&nbsp;<\/p>\n\n\n\n<p>ESPACIO PARA HOMENAJES: \u202f&nbsp;<\/p>\n\n\n\n<p>El Concejal Lucio G\u00e1latro, record\u00f3 que el d\u00eda 18 fue el d\u00eda de la Escarapela, y destac\u00f3 que estas conmemoraciones no se deben dejar pasar.&nbsp;<\/p>\n\n\n\n<p>La Concejal Mar\u00eda Dolores Patan\u00e9, saludo a todos los vecinos de Villalonga en un nuevo aniversario, el d\u00eda 29 de mayo. Tambi\u00e9n se solidariz\u00f3 con una familia de Villalonga por hechos de violencia recientes.&nbsp;<\/p>\n\n\n\n<p>La Concejal Noelia Sep\u00falveda, envi\u00f3 un afectuoso saludo a los vecinos de Villalonga, su pueblo natal.\u202f Tambi\u00e9n salud\u00f3 muy especialmente \u202fa la comunidad educativa de la escuela \u202fMedia N\u00b0 1 \u201cPaso Alsina\u201d que el d\u00eda 16 de mayo, \u202fcumpli\u00f3 54 a\u00f1os.&nbsp;<\/p>\n\n\n\n<p>El Concejal Ricardo Angos, adhiri\u00f3 a las palabras del Concejal G\u00e1latro, por el d\u00eda de la Escarapela, \u201cla bandera y la escarapela son nuestros distintivos y tenemos que valorarlos un poquito m\u00e1s\u201d. Se acerca la Semana de Mayo, \u202facontecimiento clave que gener\u00f3 un antes y un despu\u00e9s en la historia de los argentinos, donde se comenz\u00f3 a construir la rep\u00fablica, la naci\u00f3n, en la cual hubo mucho derramamiento de sangre y somos hijos de esa revoluci\u00f3n.&nbsp;<\/p>\n\n\n\n<p>El concejal Mar\u00eda Ciccone, en adhesi\u00f3n a un nuevo aniversario, record\u00f3 a los primeros pobladores: \u201cSiempre lo digo, lo sostengo y lo reivindico, que las localidades \u202fse hacen por el esfuerzo de muchas personas, las que empujan son las personas de la localidad. Hoy traje un libro de alguien muy importante&nbsp;<\/p>\n\n\n\n<p>Bernardo Ibarroule, fue un delegado de much\u00edsimos a\u00f1os que ha llevado adelante importantes proyectos, con\u202f el esfuerzo de muchos vecinos y el acompa\u00f1amiento del estado\u201d. Muchos proyectos concretados se ven en Villalonga que hoy es muy grande. Agradeci\u00f3 a todos los Concejales el poder\u202f sesionar en Villalonga en este momento dif\u00edcil que se atraviesa.&nbsp;<\/p>\n\n\n\n<p>Tambi\u00e9n saludar a TAPROVI, el Taller Protegido de Villalonga que el d\u00eda 29 de mayo tambi\u00e9n est\u00e1 cumpliendo a\u00f1os.&nbsp;<\/p>\n\n\n\n<p>La Concejal Noem\u00ed C\u00f3rdoba, record\u00f3 los or\u00edgenes de Villalonga, y en lo particular expresaba: \u201cEl lugar que uno nace no se elige, sin embargo el que habitamos por elecci\u00f3n, como en el caso m\u00edo s\u00ed se elige y se convierte en el solar de los hijos y nietos llevando en nuestros corazones la impronta pueblerina, celebrando la historia y la esperanza de un gran futuro. Feliz cumplea\u00f1os \u202fVillalonga.\u201d&nbsp;<\/p>\n\n\n\n<p>El Concejal Marcelo Honcharuk: destac\u00f3 en este nuevo aniversario de Villalonga, \u202fla importancia y el \u202fr\u00e1pido crecimiento de esta ciudad en los \u00faltimos a\u00f1os. Es exponencial como viene creciendo \u202fVillalonga. Hay que mirar que Villalonga \u202fes el futuro del Partido de Patagones, tiene todas las herramientas para llevar adelante industria hort\u00edcola y ganadera. Solamente necesita un poco de agua. \u201cSolo decirle a Villalonga que el futuro son Ustedes, el futuro est\u00e1 aqu\u00ed\u201d.&nbsp;<\/p>\n\n\n\n<p>El Presidente del Cuerpo, Julio Costantino record\u00f3 el d\u00eda de la Escarapela y el d\u00eda Internacional de los Museos. \u201cEs para m\u00ed es un gran placer \u202fy desde esta Presidencia estar en esta localidad nuevamente, porque entiendo la importancia\u201d. Destac\u00f3 la importancia estrat\u00e9gica y econ\u00f3mica que tiene Villalonga para el futuro \u202fde Patagones.\u202f Record\u00f3 \u202fFrancisca Urquijo de Sexe, su fundadora, quien pide a Geodesia poder donar los terrenos para crear un pueblo alrededor de la estaci\u00f3n de Ferrocarril y a los primeros pobladores que forjaron con trabajo lo que es hoy. A todos los habitantes de Villalonga muy feliz cumplea\u00f1os.&nbsp;<\/p>\n\n\n\n<p><strong>EXPEDIENTES CON DESPACHO DE COMISI\u00d3N.<\/strong>&nbsp;<\/p>\n\n\n\n<p><strong>Iniciado:\u202f<\/strong>Bloques PJ-Frente de Todos.-&nbsp;<\/p>\n\n\n\n<p><strong>Extracto:<\/strong>\u202fProyecto de Ordenanza. Prohibir el estacionamiento sobre margen derecha de la calle Sarmiento, entre Don Bosco Hasta Per\u00fa de Villalonga.-&nbsp;<\/p>\n\n\n\n<p>ORDENANZA -\u202f Aprobado por Unanimidad.&nbsp;<\/p>\n\n\n\n<p><strong>Iniciado:<\/strong>\u202fBloque Frente Renovador y Bl. PJ Frente de Todos\u202f\u202f\u202f\u202f\u202f\u202f\u202f\u202f&nbsp;<\/p>\n\n\n\n<p><strong>Extracto:<\/strong>\u202fProyecto de Resoluci\u00f3n. Declarar de Inter\u00e9s Municipal y Social, la edificaci\u00f3n de una nueva Terminal de \u00d3mnibus en Villalonga y la remodelaci\u00f3n de la terminal de Stroeder.-&nbsp;<\/p>\n\n\n\n<p>RESOLUCI\u00d3N -\u202f Aprobado por unanimidad.&nbsp;<\/p>\n\n\n\n<p>Se ley\u00f3 la correspondencia recibida<strong>.\u202f<\/strong>Se design\u00f3 el nuevo representante del Concejo del Deporte a Ricardo Angos, que tendr\u00e1 mandato por dos a\u00f1os. Aprobado por Mayor\u00eda.&nbsp;<\/p>\n\n\n\n<p>Por Art\u00edculo 81 \u2013 se ingres\u00f3 Proyecto de Ordenanza que en su articulado m\u00e1s importante reza:\u202f\u202f\u202f\u202f\u202f\u202f\u202f&nbsp;<\/p>\n\n\n\n<p><strong>\u201cARTICULO 1\u00ba<\/strong>:\u202fAdhi\u00e9rase al Decreto N\u00ba 01\/21 de la Provincia de Buenos Aires por el cual se deja establecido que ante el incumplimiento de las normas dictadas en el marco de la Pandemia ocasionada por la enfermedad Covid 19, dar\u00e1 lugar a las sanciones previstas en Decreto Ley N\u00ba 8841\/77 conforme lo establecido por Decreto 3307\/98, para llevar adelante la fiscalizaci\u00f3n y juzgamiento de las infracciones referidas en el presente.\u201d&nbsp;<\/p>\n\n\n\n<p>Presentes en Casa de la Cultura \u201cViejo Hotel\u201d en Villalonga\u201d: Presidente Julio Costantino, secretaria Legislativa, M\u00f3nica Devia, Concejales: Ariel\u202f Zvenger, Romina Colombi, Noem\u00ed C\u00f3rdoba, Marcelo\u202f Honcharuk y Ricardo Marino.&nbsp;<\/p>\n\n\n\n<p>Por plataforma virtual: Marcelo Castronovo, Mar\u00eda Dolores Patan\u00e9, Ricardo Angos, Rosario Melluso, David Ib\u00e1\u00f1ez Battiston, Lucio G\u00e1latro, Noelia Sep\u00falveda, Carmen Amico, Eva Cifuentes.&nbsp;<\/p>\n\n\n\n<p>Tambi\u00e9n estuvieron dando la bienvenida la Delegada Municipal Contadora Luisina Ponce de Le\u00f3n, y el Secretario de Pol\u00edticas P\u00fablicas y Gabinete, Fabio Betinelli.\u00a0<\/p>\n\t\t\t\t\t\t\t\t<\/div>\n\t\t\t\t<\/div>\n\t\t\t\t\t<\/div>\n\t\t<\/div>\n\t\t\t\t\t<\/div>\n\t\t<\/section>\n\t\t\t\t<section class=\"elementor-section elementor-top-section elementor-element elementor-element-7659045 elementor-section-boxed elementor-section-height-default elementor-section-height-default\" data-id=\"7659045\" data-element_type=\"section\" data-e-type=\"section\">\n\t\t\t\t\t\t<div class=\"elementor-container elementor-column-gap-default\">\n\t\t\t\t\t<div class=\"elementor-column elementor-col-100 elementor-top-column elementor-element elementor-element-b9d9f5d\" data-id=\"b9d9f5d\" data-element_type=\"column\" data-e-type=\"column\">\n\t\t\t<div class=\"elementor-widget-wrap elementor-element-populated\">\n\t\t\t\t\t\t<div class=\"elementor-element elementor-element-5985872 elementor-widget elementor-widget-image-gallery\" data-id=\"5985872\" data-element_type=\"widget\" data-e-type=\"widget\" data-widget_type=\"image-gallery.default\">\n\t\t\t\t<div class=\"elementor-widget-container\">\n\t\t\t\t\t\t\t<div class=\"elementor-image-gallery\">\n\t\t\t<div id='gallery-1' class='gallery galleryid-3311 gallery-columns-2 gallery-size-1536x1536'><figure class='gallery-item'>\n\t\t\t<div class='gallery-icon landscape'>\n\t\t\t\t<a data-elementor-open-lightbox=\"yes\" data-elementor-lightbox-slideshow=\"5985872\" data-elementor-lightbox-title=\"WhatsApp-Image-2021-05-20-at-19.47.34-1024x678\" data-e-action-hash=\"#elementor-action%3Aaction%3Dlightbox%26settings%3DeyJpZCI6MzIwMSwidXJsIjoiaHR0cHM6XC9cL3d3dy5lbHBvbGl0b2xvZ295ZWxwb2xpdGljby5jb20uYXJcL3dwLWNvbnRlbnRcL3VwbG9hZHNcLzIwMjFcLzA1XC9XaGF0c0FwcC1JbWFnZS0yMDIxLTA1LTIwLWF0LTE5LjQ3LjM0LTEwMjR4Njc4LTEuanBlZyIsInNsaWRlc2hvdyI6IjU5ODU4NzIifQ%3D%3D\" href='https:\/\/www.elpolitologoyelpolitico.com.ar\/wp-content\/uploads\/2021\/05\/WhatsApp-Image-2021-05-20-at-19.47.34-1024x678-1.jpeg'><img fetchpriority=\"high\" decoding=\"async\" width=\"1024\" height=\"678\" src=\"https:\/\/www.elpolitologoyelpolitico.com.ar\/wp-content\/uploads\/2021\/05\/WhatsApp-Image-2021-05-20-at-19.47.34-1024x678-1.jpeg\" class=\"attachment-1536x1536 size-1536x1536\" alt=\"\" srcset=\"https:\/\/www.elpolitologoyelpolitico.com.ar\/wp-content\/uploads\/2021\/05\/WhatsApp-Image-2021-05-20-at-19.47.34-1024x678-1.jpeg 1024w, https:\/\/www.elpolitologoyelpolitico.com.ar\/wp-content\/uploads\/2021\/05\/WhatsApp-Image-2021-05-20-at-19.47.34-1024x678-1-300x199.jpeg 300w, https:\/\/www.elpolitologoyelpolitico.com.ar\/wp-content\/uploads\/2021\/05\/WhatsApp-Image-2021-05-20-at-19.47.34-1024x678-1-768x509.jpeg 768w\" sizes=\"(max-width: 1024px) 100vw, 1024px\" \/><\/a>\n\t\t\t<\/div><\/figure><figure class='gallery-item'>\n\t\t\t<div class='gallery-icon landscape'>\n\t\t\t\t<a data-elementor-open-lightbox=\"yes\" data-elementor-lightbox-slideshow=\"5985872\" data-elementor-lightbox-title=\"WhatsApp-Image-2021-05-20-at-19.48.09-1024x678\" data-e-action-hash=\"#elementor-action%3Aaction%3Dlightbox%26settings%3DeyJpZCI6MzIwNiwidXJsIjoiaHR0cHM6XC9cL3d3dy5lbHBvbGl0b2xvZ295ZWxwb2xpdGljby5jb20uYXJcL3dwLWNvbnRlbnRcL3VwbG9hZHNcLzIwMjFcLzA1XC9XaGF0c0FwcC1JbWFnZS0yMDIxLTA1LTIwLWF0LTE5LjQ4LjA5LTEwMjR4Njc4LTEuanBlZyIsInNsaWRlc2hvdyI6IjU5ODU4NzIifQ%3D%3D\" href='https:\/\/www.elpolitologoyelpolitico.com.ar\/wp-content\/uploads\/2021\/05\/WhatsApp-Image-2021-05-20-at-19.48.09-1024x678-1.jpeg'><img decoding=\"async\" width=\"1024\" height=\"678\" src=\"https:\/\/www.elpolitologoyelpolitico.com.ar\/wp-content\/uploads\/2021\/05\/WhatsApp-Image-2021-05-20-at-19.48.09-1024x678-1.jpeg\" class=\"attachment-1536x1536 size-1536x1536\" alt=\"\" srcset=\"https:\/\/www.elpolitologoyelpolitico.com.ar\/wp-content\/uploads\/2021\/05\/WhatsApp-Image-2021-05-20-at-19.48.09-1024x678-1.jpeg 1024w, https:\/\/www.elpolitologoyelpolitico.com.ar\/wp-content\/uploads\/2021\/05\/WhatsApp-Image-2021-05-20-at-19.48.09-1024x678-1-300x199.jpeg 300w, https:\/\/www.elpolitologoyelpolitico.com.ar\/wp-content\/uploads\/2021\/05\/WhatsApp-Image-2021-05-20-at-19.48.09-1024x678-1-768x509.jpeg 768w\" sizes=\"(max-width: 1024px) 100vw, 1024px\" \/><\/a>\n\t\t\t<\/div><\/figure>\n\t\t<\/div>\n\t\t<\/div>\n\t\t\t\t\t\t<\/div>\n\t\t\t\t<\/div>\n\t\t\t\t\t<\/div>\n\t\t<\/div>\n\t\t\t\t\t<\/div>\n\t\t<\/section>\n\t\t\t\t<\/div>\n\t\t<div class=\"fb-background-color\">\n\t\t\t  <div \n\t\t\t  \tclass = \"fb-comments\" \n\t\t\t  \tdata-href = \"https:\/\/www.elpolitologoyelpolitico.com.ar\/wordpress\/2021\/05\/20\/sexta-sesion-en-villalonga\/\"\n\t\t\t  \tdata-numposts = \"10\"\n\t\t\t  \tdata-lazy = \"true\"\n\t\t\t\tdata-colorscheme = \"light\"\n\t\t\t\tdata-order-by = \"social\"\n\t\t\t\tdata-mobile=true>\n\t\t\t  <\/div><\/div>\n\t\t  <style>\n\t\t    .fb-background-color {\n\t\t\t\tbackground: #ffffff !important;\n\t\t\t}\n\t\t\t.fb_iframe_widget_fluid_desktop iframe {\n\t\t\t    width: 100% !important;\n\t\t\t}\n\t\t  <\/style>\n\t\t  ","protected":false},"excerpt":{"rendered":"<p>El HCD se traslad\u00f3 a Villalonga como adhesi\u00f3n al pr\u00f3ximo aniversario de la fundaci\u00f3n de la ciudad.&nbsp; Una vez iniciada la Sesi\u00f3n la delegada Municipal Luisina Ponce de Le\u00f3n y el Secretario de Pol\u00edticas P\u00fablicas y Jefatura de\u202f Gabinete, Fabio Bettinelli. Dieron la Bienvenida a los Concejales y agradecieron la presencia.&nbsp; EXPEDIENTES CON DESPACHO DE [&hellip;]<\/p>\n","protected":false},"author":4,"featured_media":3195,"comment_status":"closed","ping_status":"closed","sticky":false,"template":"","format":"standard","meta":{"_joinchat":[],"footnotes":""},"categories":[39],"tags":[],"class_list":["post-3311","post","type-post","status-publish","format-standard","has-post-thumbnail","hentry","category-en-esta-seccion"],"_links":{"self":[{"href":"https:\/\/www.elpolitologoyelpolitico.com.ar\/wordpress\/wp-json\/wp\/v2\/posts\/3311","targetHints":{"allow":["GET"]}}],"collection":[{"href":"https:\/\/www.elpolitologoyelpolitico.com.ar\/wordpress\/wp-json\/wp\/v2\/posts"}],"about":[{"href":"https:\/\/www.elpolitologoyelpolitico.com.ar\/wordpress\/wp-json\/wp\/v2\/types\/post"}],"author":[{"embeddable":true,"href":"https:\/\/www.elpolitologoyelpolitico.com.ar\/wordpress\/wp-json\/wp\/v2\/users\/4"}],"replies":[{"embeddable":true,"href":"https:\/\/www.elpolitologoyelpolitico.com.ar\/wordpress\/wp-json\/wp\/v2\/comments?post=3311"}],"version-history":[{"count":0,"href":"https:\/\/www.elpolitologoyelpolitico.com.ar\/wordpress\/wp-json\/wp\/v2\/posts\/3311\/revisions"}],"wp:featuredmedia":[{"embeddable":true,"href":"https:\/\/www.elpolitologoyelpolitico.com.ar\/wordpress\/wp-json\/wp\/v2\/media\/3195"}],"wp:attachment":[{"href":"https:\/\/www.elpolitologoyelpolitico.com.ar\/wordpress\/wp-json\/wp\/v2\/media?parent=3311"}],"wp:term":[{"taxonomy":"category","embeddable":true,"href":"https:\/\/www.elpolitologoyelpolitico.com.ar\/wordpress\/wp-json\/wp\/v2\/categories?post=3311"},{"taxonomy":"post_tag","embeddable":true,"href":"https:\/\/www.elpolitologoyelpolitico.com.ar\/wordpress\/wp-json\/wp\/v2\/tags?post=3311"}],"curies":[{"name":"wp","href":"https:\/\/api.w.org\/{rel}","templated":true}]}}