{"id":33086,"date":"2023-08-02T22:22:32","date_gmt":"2023-08-02T22:22:32","guid":{"rendered":"https:\/\/www.elpolitologoyelpolitico.com.ar\/wordpress\/?p=33086"},"modified":"2023-08-02T22:22:34","modified_gmt":"2023-08-02T22:22:34","slug":"trabajan-en-la-difusion-de-la-linea-145-de-denuncias-de-los-delitos-de-trata-y-explotacion-de-personas","status":"publish","type":"post","link":"https:\/\/www.elpolitologoyelpolitico.com.ar\/wordpress\/2023\/08\/02\/trabajan-en-la-difusion-de-la-linea-145-de-denuncias-de-los-delitos-de-trata-y-explotacion-de-personas\/","title":{"rendered":"Trabajan en la difusi\u00f3n de la l\u00ednea 145, de denuncias de los Delitos de Trata y Explotaci\u00f3n de Personas"},"content":{"rendered":"\n<p>Con motivo del D\u00eda Mundial contra la Trata de Personas, la Direcci\u00f3n de Ni\u00f1ez, Adolescencia, Juventud y G\u00e9nero, inici\u00f3 la campa\u00f1a de difusi\u00f3n de la L\u00ednea 145, en distintos comercios, en la Terminal de \u00d3mnibus, de Carmen de Patagones, en conjunto con integrantes del Comit\u00e9 Ejecutivo de Lucha contra de la Trata y Explotaci\u00f3n de Personas y para la protecci\u00f3n y asistencia a sus v\u00edctimas de la Naci\u00f3n.<\/p>\n\n\n\n<p>La l\u00ednea 145 brinda atenci\u00f3n telef\u00f3nica gratuita las 24 horas, los 365 d\u00edas del a\u00f1o, para recibir informaci\u00f3n, solicitar asistencia y denunciar casos de trata y explotaci\u00f3n de personas.<\/p>\n\n\n\n<p>En el mismo marco, se concretaron diversas reuniones con referentes de la Comisar\u00eda de la Mujer y concejales municipales.<\/p>\n\n\n\n<figure class=\"wp-block-gallery has-nested-images columns-default is-cropped wp-block-gallery-1 is-layout-flex wp-block-gallery-is-layout-flex\">\n<figure class=\"wp-block-image size-large\"><img fetchpriority=\"high\" decoding=\"async\" width=\"1024\" height=\"768\" data-id=\"33088\" src=\"https:\/\/www.elpolitologoyelpolitico.com.ar\/wp-content\/uploads\/2023\/08\/IMG-20230802-WA0046-1024x768.jpg\" alt=\"\" class=\"wp-image-33088\" srcset=\"https:\/\/www.elpolitologoyelpolitico.com.ar\/wp-content\/uploads\/2023\/08\/IMG-20230802-WA0046-1024x768.jpg 1024w, https:\/\/www.elpolitologoyelpolitico.com.ar\/wp-content\/uploads\/2023\/08\/IMG-20230802-WA0046-300x225.jpg 300w, https:\/\/www.elpolitologoyelpolitico.com.ar\/wp-content\/uploads\/2023\/08\/IMG-20230802-WA0046-768x576.jpg 768w, https:\/\/www.elpolitologoyelpolitico.com.ar\/wp-content\/uploads\/2023\/08\/IMG-20230802-WA0046-1536x1152.jpg 1536w, https:\/\/www.elpolitologoyelpolitico.com.ar\/wp-content\/uploads\/2023\/08\/IMG-20230802-WA0046.jpg 1600w\" sizes=\"(max-width: 1024px) 100vw, 1024px\" \/><\/figure>\n\n\n\n<figure class=\"wp-block-image size-large\"><img decoding=\"async\" width=\"768\" height=\"1024\" data-id=\"33090\" src=\"https:\/\/www.elpolitologoyelpolitico.com.ar\/wp-content\/uploads\/2023\/08\/IMG-20230802-WA0047-768x1024.jpg\" alt=\"\" class=\"wp-image-33090\" srcset=\"https:\/\/www.elpolitologoyelpolitico.com.ar\/wp-content\/uploads\/2023\/08\/IMG-20230802-WA0047-768x1024.jpg 768w, https:\/\/www.elpolitologoyelpolitico.com.ar\/wp-content\/uploads\/2023\/08\/IMG-20230802-WA0047-225x300.jpg 225w, https:\/\/www.elpolitologoyelpolitico.com.ar\/wp-content\/uploads\/2023\/08\/IMG-20230802-WA0047-1152x1536.jpg 1152w, https:\/\/www.elpolitologoyelpolitico.com.ar\/wp-content\/uploads\/2023\/08\/IMG-20230802-WA0047.jpg 1200w\" sizes=\"(max-width: 768px) 100vw, 768px\" \/><\/figure>\n<\/figure>\n<div class=\"fb-background-color\">\n\t\t\t  <div \n\t\t\t  \tclass = \"fb-comments\" \n\t\t\t  \tdata-href = \"https:\/\/www.elpolitologoyelpolitico.com.ar\/wordpress\/2023\/08\/02\/trabajan-en-la-difusion-de-la-linea-145-de-denuncias-de-los-delitos-de-trata-y-explotacion-de-personas\/\"\n\t\t\t  \tdata-numposts = \"10\"\n\t\t\t  \tdata-lazy = \"true\"\n\t\t\t\tdata-colorscheme = \"light\"\n\t\t\t\tdata-order-by = \"social\"\n\t\t\t\tdata-mobile=true>\n\t\t\t  <\/div><\/div>\n\t\t  <style>\n\t\t    .fb-background-color {\n\t\t\t\tbackground: #ffffff !important;\n\t\t\t}\n\t\t\t.fb_iframe_widget_fluid_desktop iframe {\n\t\t\t    width: 100% !important;\n\t\t\t}\n\t\t  <\/style>\n\t\t  ","protected":false},"excerpt":{"rendered":"<p>Con motivo del D\u00eda Mundial contra la Trata de Personas, la Direcci\u00f3n de Ni\u00f1ez, Adolescencia, Juventud y G\u00e9nero, inici\u00f3 la campa\u00f1a de difusi\u00f3n de la L\u00ednea 145, en distintos comercios, en la Terminal de \u00d3mnibus, de Carmen de Patagones, en conjunto con integrantes del Comit\u00e9 Ejecutivo de Lucha contra de la Trata y Explotaci\u00f3n de [&hellip;]<\/p>\n","protected":false},"author":4,"featured_media":33087,"comment_status":"closed","ping_status":"closed","sticky":false,"template":"","format":"standard","meta":{"_joinchat":[],"footnotes":""},"categories":[39],"tags":[],"class_list":["post-33086","post","type-post","status-publish","format-standard","has-post-thumbnail","hentry","category-en-esta-seccion"],"_links":{"self":[{"href":"https:\/\/www.elpolitologoyelpolitico.com.ar\/wordpress\/wp-json\/wp\/v2\/posts\/33086","targetHints":{"allow":["GET"]}}],"collection":[{"href":"https:\/\/www.elpolitologoyelpolitico.com.ar\/wordpress\/wp-json\/wp\/v2\/posts"}],"about":[{"href":"https:\/\/www.elpolitologoyelpolitico.com.ar\/wordpress\/wp-json\/wp\/v2\/types\/post"}],"author":[{"embeddable":true,"href":"https:\/\/www.elpolitologoyelpolitico.com.ar\/wordpress\/wp-json\/wp\/v2\/users\/4"}],"replies":[{"embeddable":true,"href":"https:\/\/www.elpolitologoyelpolitico.com.ar\/wordpress\/wp-json\/wp\/v2\/comments?post=33086"}],"version-history":[{"count":0,"href":"https:\/\/www.elpolitologoyelpolitico.com.ar\/wordpress\/wp-json\/wp\/v2\/posts\/33086\/revisions"}],"wp:featuredmedia":[{"embeddable":true,"href":"https:\/\/www.elpolitologoyelpolitico.com.ar\/wordpress\/wp-json\/wp\/v2\/media\/33087"}],"wp:attachment":[{"href":"https:\/\/www.elpolitologoyelpolitico.com.ar\/wordpress\/wp-json\/wp\/v2\/media?parent=33086"}],"wp:term":[{"taxonomy":"category","embeddable":true,"href":"https:\/\/www.elpolitologoyelpolitico.com.ar\/wordpress\/wp-json\/wp\/v2\/categories?post=33086"},{"taxonomy":"post_tag","embeddable":true,"href":"https:\/\/www.elpolitologoyelpolitico.com.ar\/wordpress\/wp-json\/wp\/v2\/tags?post=33086"}],"curies":[{"name":"wp","href":"https:\/\/api.w.org\/{rel}","templated":true}]}}