{"id":33083,"date":"2023-08-02T21:58:21","date_gmt":"2023-08-02T21:58:21","guid":{"rendered":"https:\/\/www.elpolitologoyelpolitico.com.ar\/wordpress\/?p=33083"},"modified":"2023-08-02T21:58:22","modified_gmt":"2023-08-02T21:58:22","slug":"carreras-debemos-cuidar-los-monumentos-y-el-patrimonio-de-bariloche","status":"publish","type":"post","link":"https:\/\/www.elpolitologoyelpolitico.com.ar\/wordpress\/2023\/08\/02\/carreras-debemos-cuidar-los-monumentos-y-el-patrimonio-de-bariloche\/","title":{"rendered":"Carreras: \u201cDebemos cuidar los monumentos y el patrimonio de Bariloche\u201d"},"content":{"rendered":"\n<p>En contacto con la prensa en Viedma, la Gobernadora Arabela Carreras fue consultada respecto de la pol\u00e9mica generada tras el anuncio del traslado del Monumento al General Julio Roca del Centro C\u00edvico de Bariloche.<\/p>\n\n\n\n<p>La Gobernadora Arabela Carreras fue consultada hoy respecto de las diferencias surgidas tras el anuncio del corrimiento del monumento al ex Presidente Roca instalado en el Centro C\u00edvico de Bariloche, ante lo que asegur\u00f3 que \u201cno se entiende muy bien qu\u00e9 m\u00f3vil tiene ese traslado, porque son s\u00f3lo unos cuantos metros y genera una pol\u00e9mica que confronta a la sociedad\u201d.<\/p>\n\n\n\n<p>Ante la pregunta puntual durante la rueda de prensa, Carreras remarc\u00f3 que \u201ccreo que tenemos que cuidar mucho nuestros monumentos, que tiene que haber prioridad en el cuidado del patrimonio. No nos parece que este sea un buen mecanismo para cuidar ese monumento y todo el entorno del Centro C\u00edvico\u201d.<\/p>\n\n\n\n<p>\u201cLa discusi\u00f3n sobre la historia requiere un debate mucho m\u00e1s profundo fuera de los contextos electorales para evitar alg\u00fan tipo de especulaci\u00f3n, pero el cuidado del patrimonio debe ser una prioridad\u201d<\/p>\n<div class=\"fb-background-color\">\n\t\t\t  <div \n\t\t\t  \tclass = \"fb-comments\" \n\t\t\t  \tdata-href = \"https:\/\/www.elpolitologoyelpolitico.com.ar\/wordpress\/2023\/08\/02\/carreras-debemos-cuidar-los-monumentos-y-el-patrimonio-de-bariloche\/\"\n\t\t\t  \tdata-numposts = \"10\"\n\t\t\t  \tdata-lazy = \"true\"\n\t\t\t\tdata-colorscheme = \"light\"\n\t\t\t\tdata-order-by = \"social\"\n\t\t\t\tdata-mobile=true>\n\t\t\t  <\/div><\/div>\n\t\t  <style>\n\t\t    .fb-background-color {\n\t\t\t\tbackground: #ffffff !important;\n\t\t\t}\n\t\t\t.fb_iframe_widget_fluid_desktop iframe {\n\t\t\t    width: 100% !important;\n\t\t\t}\n\t\t  <\/style>\n\t\t  ","protected":false},"excerpt":{"rendered":"<p>En contacto con la prensa en Viedma, la Gobernadora Arabela Carreras fue consultada respecto de la pol\u00e9mica generada tras el anuncio del traslado del Monumento al General Julio Roca del Centro C\u00edvico de Bariloche. La Gobernadora Arabela Carreras fue consultada hoy respecto de las diferencias surgidas tras el anuncio del corrimiento del monumento al ex [&hellip;]<\/p>\n","protected":false},"author":4,"featured_media":33084,"comment_status":"closed","ping_status":"closed","sticky":false,"template":"","format":"standard","meta":{"_joinchat":[],"footnotes":""},"categories":[39],"tags":[],"class_list":["post-33083","post","type-post","status-publish","format-standard","has-post-thumbnail","hentry","category-en-esta-seccion"],"_links":{"self":[{"href":"https:\/\/www.elpolitologoyelpolitico.com.ar\/wordpress\/wp-json\/wp\/v2\/posts\/33083","targetHints":{"allow":["GET"]}}],"collection":[{"href":"https:\/\/www.elpolitologoyelpolitico.com.ar\/wordpress\/wp-json\/wp\/v2\/posts"}],"about":[{"href":"https:\/\/www.elpolitologoyelpolitico.com.ar\/wordpress\/wp-json\/wp\/v2\/types\/post"}],"author":[{"embeddable":true,"href":"https:\/\/www.elpolitologoyelpolitico.com.ar\/wordpress\/wp-json\/wp\/v2\/users\/4"}],"replies":[{"embeddable":true,"href":"https:\/\/www.elpolitologoyelpolitico.com.ar\/wordpress\/wp-json\/wp\/v2\/comments?post=33083"}],"version-history":[{"count":0,"href":"https:\/\/www.elpolitologoyelpolitico.com.ar\/wordpress\/wp-json\/wp\/v2\/posts\/33083\/revisions"}],"wp:featuredmedia":[{"embeddable":true,"href":"https:\/\/www.elpolitologoyelpolitico.com.ar\/wordpress\/wp-json\/wp\/v2\/media\/33084"}],"wp:attachment":[{"href":"https:\/\/www.elpolitologoyelpolitico.com.ar\/wordpress\/wp-json\/wp\/v2\/media?parent=33083"}],"wp:term":[{"taxonomy":"category","embeddable":true,"href":"https:\/\/www.elpolitologoyelpolitico.com.ar\/wordpress\/wp-json\/wp\/v2\/categories?post=33083"},{"taxonomy":"post_tag","embeddable":true,"href":"https:\/\/www.elpolitologoyelpolitico.com.ar\/wordpress\/wp-json\/wp\/v2\/tags?post=33083"}],"curies":[{"name":"wp","href":"https:\/\/api.w.org\/{rel}","templated":true}]}}