{"id":33071,"date":"2023-08-02T20:50:23","date_gmt":"2023-08-02T20:50:23","guid":{"rendered":"https:\/\/www.elpolitologoyelpolitico.com.ar\/wordpress\/?p=33071"},"modified":"2023-08-02T20:50:24","modified_gmt":"2023-08-02T20:50:24","slug":"avanza-el-proyecto-de-construccion-de-una-residencia-estudiantil-en-viedma","status":"publish","type":"post","link":"https:\/\/www.elpolitologoyelpolitico.com.ar\/wordpress\/2023\/08\/02\/avanza-el-proyecto-de-construccion-de-una-residencia-estudiantil-en-viedma\/","title":{"rendered":"Avanza el proyecto de construcci\u00f3n de una Residencia Estudiantil en Viedma"},"content":{"rendered":"\n<p>La Gobernadora Arabela Carreras se reuni\u00f3 hoy con la decana del Centro Universitario Regional Zona Atl\u00e1ntica (CURZA) de la UNCO, Adriana Goicochea, para avanzar en el proyecto de construcci\u00f3n de una Residencia en Viedma que albergar\u00e1 a estudiantes de toda la provincia.<\/p>\n\n\n\n<p>Esta ma\u00f1ana, la comunidad educativa recibi\u00f3 a la Gobernadora, siendo la primera vez que un Mandatario provincial visita las instalaciones de la Casa de Altos Estudios, en el marco de un fuerte compromiso de trabajo y articulaci\u00f3n interinstitucional. \u201cEs una alegr\u00eda haber podido avanzar en este proyecto en el que tanto ha trabajado la Universidad\u201d, afirm\u00f3 Carreras luego de la reuni\u00f3n.<\/p>\n\n\n\n<p>\u201cSe trata de una Residencia que hospedar\u00e1 a estudiantes con prioridad de la Regi\u00f3n Sur, que son los que buscan una oportunidad de desarrollo personal, de aprendizaje aqu\u00ed en la capital; se tratar\u00e1 de brindarles todas las comodidades necesarias para que sigan sus carreras\u201d, agreg\u00f3.<\/p>\n\n\n\n<p>En cuanto a los detalles del proyecto, la directora de Programaci\u00f3n de Obras del IPPV, Pamela Baffoni, explic\u00f3 que la obra tendr\u00e1 750 m2, con capacidad para 40 camas.<\/p>\n\n\n\n<p>\u201cSe van a construir dos plantas, con posibilidad de hacerlo por etapas, con m\u00f3dulos habitacionales que incluyen ba\u00f1os; cuartos para personas con discapacidad motriz; cocina y salas de estudio; adem\u00e1s de un espacio para lavadero y sala de m\u00e1quinas\u201d, remarc\u00f3.<\/p>\n\n\n\n<p>\u201cLa obra permitir\u00e1 atender la demanda grande que tiene la instituci\u00f3n educativa, teniendo en cuenta que actualmente se necesitan 20 camas para suplantar a las que ya existen y la proyecci\u00f3n es que ese n\u00famero crezca\u201d, finaliz\u00f3.<\/p>\n\n\n\n<p>Cabe destacar que el proyecto t\u00e9cnico fue entregado d\u00edas atr\u00e1s por la interventora del IPPV, In\u00e9s P\u00e9rez Raventos a las autoridades del CURZA con la memoria t\u00e9cnico \u2013 descriptiva, el legajo t\u00e9cnico, el c\u00f3mputo y presupuesto, el plan de trabajo y curva de inversi\u00f3n correspondientes.<\/p>\n\n\n\n<p>Acompa\u00f1aron el acto, los ministros de Educaci\u00f3n, Pablo Nu\u00f1ez y de Obras y Servicios P\u00fablicos, Carlos Valeri, el secretario de Obras e Infraestructura, Alejandro Echarren y dem\u00e1s autoridades universitarias.<\/p>\n\n\n\n<figure class=\"wp-block-image size-large\"><img fetchpriority=\"high\" decoding=\"async\" width=\"1024\" height=\"682\" src=\"https:\/\/www.elpolitologoyelpolitico.com.ar\/wp-content\/uploads\/2023\/08\/IMG-20230802-WA0038-1024x682.jpg\" alt=\"\" class=\"wp-image-33073\" srcset=\"https:\/\/www.elpolitologoyelpolitico.com.ar\/wp-content\/uploads\/2023\/08\/IMG-20230802-WA0038-1024x682.jpg 1024w, https:\/\/www.elpolitologoyelpolitico.com.ar\/wp-content\/uploads\/2023\/08\/IMG-20230802-WA0038-300x200.jpg 300w, https:\/\/www.elpolitologoyelpolitico.com.ar\/wp-content\/uploads\/2023\/08\/IMG-20230802-WA0038-768x512.jpg 768w, https:\/\/www.elpolitologoyelpolitico.com.ar\/wp-content\/uploads\/2023\/08\/IMG-20230802-WA0038.jpg 1280w\" sizes=\"(max-width: 1024px) 100vw, 1024px\" \/><\/figure>\n<div class=\"fb-background-color\">\n\t\t\t  <div \n\t\t\t  \tclass = \"fb-comments\" \n\t\t\t  \tdata-href = \"https:\/\/www.elpolitologoyelpolitico.com.ar\/wordpress\/2023\/08\/02\/avanza-el-proyecto-de-construccion-de-una-residencia-estudiantil-en-viedma\/\"\n\t\t\t  \tdata-numposts = \"10\"\n\t\t\t  \tdata-lazy = \"true\"\n\t\t\t\tdata-colorscheme = \"light\"\n\t\t\t\tdata-order-by = \"social\"\n\t\t\t\tdata-mobile=true>\n\t\t\t  <\/div><\/div>\n\t\t  <style>\n\t\t    .fb-background-color {\n\t\t\t\tbackground: #ffffff !important;\n\t\t\t}\n\t\t\t.fb_iframe_widget_fluid_desktop iframe {\n\t\t\t    width: 100% !important;\n\t\t\t}\n\t\t  <\/style>\n\t\t  ","protected":false},"excerpt":{"rendered":"<p>La Gobernadora Arabela Carreras se reuni\u00f3 hoy con la decana del Centro Universitario Regional Zona Atl\u00e1ntica (CURZA) de la UNCO, Adriana Goicochea, para avanzar en el proyecto de construcci\u00f3n de una Residencia en Viedma que albergar\u00e1 a estudiantes de toda la provincia. Esta ma\u00f1ana, la comunidad educativa recibi\u00f3 a la Gobernadora, siendo la primera vez [&hellip;]<\/p>\n","protected":false},"author":4,"featured_media":33072,"comment_status":"closed","ping_status":"closed","sticky":false,"template":"","format":"standard","meta":{"_joinchat":[],"footnotes":""},"categories":[4],"tags":[],"class_list":["post-33071","post","type-post","status-publish","format-standard","has-post-thumbnail","hentry","category-politicas-publicas"],"_links":{"self":[{"href":"https:\/\/www.elpolitologoyelpolitico.com.ar\/wordpress\/wp-json\/wp\/v2\/posts\/33071","targetHints":{"allow":["GET"]}}],"collection":[{"href":"https:\/\/www.elpolitologoyelpolitico.com.ar\/wordpress\/wp-json\/wp\/v2\/posts"}],"about":[{"href":"https:\/\/www.elpolitologoyelpolitico.com.ar\/wordpress\/wp-json\/wp\/v2\/types\/post"}],"author":[{"embeddable":true,"href":"https:\/\/www.elpolitologoyelpolitico.com.ar\/wordpress\/wp-json\/wp\/v2\/users\/4"}],"replies":[{"embeddable":true,"href":"https:\/\/www.elpolitologoyelpolitico.com.ar\/wordpress\/wp-json\/wp\/v2\/comments?post=33071"}],"version-history":[{"count":0,"href":"https:\/\/www.elpolitologoyelpolitico.com.ar\/wordpress\/wp-json\/wp\/v2\/posts\/33071\/revisions"}],"wp:featuredmedia":[{"embeddable":true,"href":"https:\/\/www.elpolitologoyelpolitico.com.ar\/wordpress\/wp-json\/wp\/v2\/media\/33072"}],"wp:attachment":[{"href":"https:\/\/www.elpolitologoyelpolitico.com.ar\/wordpress\/wp-json\/wp\/v2\/media?parent=33071"}],"wp:term":[{"taxonomy":"category","embeddable":true,"href":"https:\/\/www.elpolitologoyelpolitico.com.ar\/wordpress\/wp-json\/wp\/v2\/categories?post=33071"},{"taxonomy":"post_tag","embeddable":true,"href":"https:\/\/www.elpolitologoyelpolitico.com.ar\/wordpress\/wp-json\/wp\/v2\/tags?post=33071"}],"curies":[{"name":"wp","href":"https:\/\/api.w.org\/{rel}","templated":true}]}}