{"id":33052,"date":"2023-08-01T23:28:27","date_gmt":"2023-08-01T23:28:27","guid":{"rendered":"https:\/\/www.elpolitologoyelpolitico.com.ar\/wordpress\/?p=33052"},"modified":"2023-08-01T23:28:28","modified_gmt":"2023-08-01T23:28:28","slug":"amamantar-y-trabajar-derecho-ganado-en-el-deliberante","status":"publish","type":"post","link":"https:\/\/www.elpolitologoyelpolitico.com.ar\/wordpress\/2023\/08\/01\/amamantar-y-trabajar-derecho-ganado-en-el-deliberante\/","title":{"rendered":"Amamantar y trabajar: derecho ganado en el Deliberante"},"content":{"rendered":"\n<p>Licencia por maternidad y espacios amigables en el lugar de trabajo para sostener la lactancia son los derechos que defiende y promueve la Semana Mundial de la Lactancia Materna 2023. El Deliberante de Viedma garantiza estas conquistas y fomenta que las trabajadoras lactantes puedan amamantar el tiempo que lo deseen en un espacio dedicado para tal fin.<\/p>\n\n\n\n<p>Desde ya hace dos a\u00f1os, el Concejo cuenta con un espacio destinado y acondicionado en ese sentido, que actualmente utilizan mujeres que desempe\u00f1an tareas en la instituci\u00f3n.<\/p>\n\n\n\n<p>\u201cEl Espacio Amigable de la Lactancia del cuerpo legislativo municipal es un derecho ganado para todas las mujeres. Es un lugar que, si bien en la actualidad est\u00e1 en uso porque contamos con madres trabajadoras lactantes, se encuentra abierto a la comunidad; y debemos garantizar su continuidad quienes promovemos estas pol\u00edticas\u201d, expres\u00f3 la presidenta del Concejo, Maricel C\u00e9voli.<\/p>\n\n\n\n<p>La concejala asegur\u00f3 que \u201ces un orgullo que nosotras, desde Viedma, seamos ejemplo de este espacio que defiende derechos de maternidad esencial\u201d.<\/p>\n\n\n\n<p>\u201cQue en 2023 el lema de la Semana de la Lactancia Materna sea \u2018Amamantar y trabajar: \u00a1hagamos que sea posible!\u2019, y que nosotros lo hayamos concretado me fortalece para seguir trabajando en tem\u00e1ticas de perspectiva de g\u00e9nero, por las que lucho desde siempre y por convicci\u00f3n hist\u00f3rica\u201d, asegur\u00f3.<\/p>\n\n\n\n<p>El espacio, creado mediante la norma 8475, establece un lugar acondicionado para tal fin, destinado a las personas trabajadoras lactantes para que durante la jornada laboral puedan amamantar a sus hijas o hijos. La ordenanza establece que pueden hacerlo tambi\u00e9n aquellas personas que se encuentren en las instalaciones.<\/p>\n\n\n\n<p>La propuesta, presentada por la Presidenta del Deliberante y aprobada por unanimidad durante el periodo ordinario 2021, recibi\u00f3 el 2022 el reconocimiento del Ministerio de Salud de la Naci\u00f3n, y le otorg\u00f3 \u201cun valor fundamental para la prosecuci\u00f3n de una lactancia como hecho colectivo y en corresponsabilidad\u201d.<\/p>\n\n\n\n<figure class=\"wp-block-image size-large\"><img fetchpriority=\"high\" decoding=\"async\" width=\"1024\" height=\"577\" src=\"https:\/\/www.elpolitologoyelpolitico.com.ar\/wp-content\/uploads\/2023\/08\/IMG-20230801-WA0040-2-1024x577.jpg\" alt=\"\" class=\"wp-image-33054\" srcset=\"https:\/\/www.elpolitologoyelpolitico.com.ar\/wp-content\/uploads\/2023\/08\/IMG-20230801-WA0040-2-1024x577.jpg 1024w, https:\/\/www.elpolitologoyelpolitico.com.ar\/wp-content\/uploads\/2023\/08\/IMG-20230801-WA0040-2-300x169.jpg 300w, https:\/\/www.elpolitologoyelpolitico.com.ar\/wp-content\/uploads\/2023\/08\/IMG-20230801-WA0040-2-768x432.jpg 768w, https:\/\/www.elpolitologoyelpolitico.com.ar\/wp-content\/uploads\/2023\/08\/IMG-20230801-WA0040-2-1536x865.jpg 1536w, https:\/\/www.elpolitologoyelpolitico.com.ar\/wp-content\/uploads\/2023\/08\/IMG-20230801-WA0040-2.jpg 1600w\" sizes=\"(max-width: 1024px) 100vw, 1024px\" \/><\/figure>\n<div class=\"fb-background-color\">\n\t\t\t  <div \n\t\t\t  \tclass = \"fb-comments\" \n\t\t\t  \tdata-href = \"https:\/\/www.elpolitologoyelpolitico.com.ar\/wordpress\/2023\/08\/01\/amamantar-y-trabajar-derecho-ganado-en-el-deliberante\/\"\n\t\t\t  \tdata-numposts = \"10\"\n\t\t\t  \tdata-lazy = \"true\"\n\t\t\t\tdata-colorscheme = \"light\"\n\t\t\t\tdata-order-by = \"social\"\n\t\t\t\tdata-mobile=true>\n\t\t\t  <\/div><\/div>\n\t\t  <style>\n\t\t    .fb-background-color {\n\t\t\t\tbackground: #ffffff !important;\n\t\t\t}\n\t\t\t.fb_iframe_widget_fluid_desktop iframe {\n\t\t\t    width: 100% !important;\n\t\t\t}\n\t\t  <\/style>\n\t\t  ","protected":false},"excerpt":{"rendered":"<p>Licencia por maternidad y espacios amigables en el lugar de trabajo para sostener la lactancia son los derechos que defiende y promueve la Semana Mundial de la Lactancia Materna 2023. El Deliberante de Viedma garantiza estas conquistas y fomenta que las trabajadoras lactantes puedan amamantar el tiempo que lo deseen en un espacio dedicado para [&hellip;]<\/p>\n","protected":false},"author":4,"featured_media":33049,"comment_status":"closed","ping_status":"closed","sticky":false,"template":"","format":"standard","meta":{"_joinchat":[],"footnotes":""},"categories":[39],"tags":[],"class_list":["post-33052","post","type-post","status-publish","format-standard","has-post-thumbnail","hentry","category-en-esta-seccion"],"_links":{"self":[{"href":"https:\/\/www.elpolitologoyelpolitico.com.ar\/wordpress\/wp-json\/wp\/v2\/posts\/33052","targetHints":{"allow":["GET"]}}],"collection":[{"href":"https:\/\/www.elpolitologoyelpolitico.com.ar\/wordpress\/wp-json\/wp\/v2\/posts"}],"about":[{"href":"https:\/\/www.elpolitologoyelpolitico.com.ar\/wordpress\/wp-json\/wp\/v2\/types\/post"}],"author":[{"embeddable":true,"href":"https:\/\/www.elpolitologoyelpolitico.com.ar\/wordpress\/wp-json\/wp\/v2\/users\/4"}],"replies":[{"embeddable":true,"href":"https:\/\/www.elpolitologoyelpolitico.com.ar\/wordpress\/wp-json\/wp\/v2\/comments?post=33052"}],"version-history":[{"count":0,"href":"https:\/\/www.elpolitologoyelpolitico.com.ar\/wordpress\/wp-json\/wp\/v2\/posts\/33052\/revisions"}],"wp:featuredmedia":[{"embeddable":true,"href":"https:\/\/www.elpolitologoyelpolitico.com.ar\/wordpress\/wp-json\/wp\/v2\/media\/33049"}],"wp:attachment":[{"href":"https:\/\/www.elpolitologoyelpolitico.com.ar\/wordpress\/wp-json\/wp\/v2\/media?parent=33052"}],"wp:term":[{"taxonomy":"category","embeddable":true,"href":"https:\/\/www.elpolitologoyelpolitico.com.ar\/wordpress\/wp-json\/wp\/v2\/categories?post=33052"},{"taxonomy":"post_tag","embeddable":true,"href":"https:\/\/www.elpolitologoyelpolitico.com.ar\/wordpress\/wp-json\/wp\/v2\/tags?post=33052"}],"curies":[{"name":"wp","href":"https:\/\/api.w.org\/{rel}","templated":true}]}}