{"id":33044,"date":"2023-08-01T23:06:52","date_gmt":"2023-08-01T23:06:52","guid":{"rendered":"https:\/\/www.elpolitologoyelpolitico.com.ar\/wordpress\/?p=33044"},"modified":"2023-08-02T01:53:26","modified_gmt":"2023-08-02T01:53:26","slug":"patagones-viedma-consolados-por-el-fallecimiento-de-claudia-castillo-quien-sufrio-hace-algunos-dias-un-accidente-en-un-incen","status":"publish","type":"post","link":"https:\/\/www.elpolitologoyelpolitico.com.ar\/wordpress\/2023\/08\/01\/patagones-viedma-consolados-por-el-fallecimiento-de-claudia-castillo-quien-sufrio-hace-algunos-dias-un-accidente-en-un-incen\/","title":{"rendered":"Patagones- Viedma desconsolados por el fallecimiento de Claudia Castillo quien sufri\u00f3 hace algunos dias un accidente en un incendio"},"content":{"rendered":"\n<p>Hace pocos d\u00edas, un fuerte incendio se registr\u00f3 en la localidad de Carmen de Patagones, en una vivienda ubicada sobre calle Pacheco al 700. En la casa, se encontraba Claudia Castillo, mujer que result\u00f3 herida con varias quemaduras.<\/p>\n\n\n\n<p>De inmediato la llevaron al Hospital Pedro Ecay y horas despues fue trasladada al Sanatorio G\u00fcemes, en Buenos Aires.<\/p>\n\n\n\n<p>Su estado fue cr\u00edtico y a pesar del trabajo que hicieron los doctores, al igual que el acompa\u00f1amiento de la familia y amigos, Claudia Castillo falleci\u00f3 en el d\u00eda de hoy.<\/p>\n\n\n\n<p>La Municipalidad de Patagones lamenta profundamente el fallecimiento de Claudia Castillo, quien se desempe\u00f1aba como empleada municipal en el hospital \u00abDr. Pedro Ecay\u00bb.<\/p>\n\n\n\n<p>Asimismo, acompa\u00f1a a sus familiares, amigos y compa\u00f1eros de trabajo en este doloroso momento.<\/p>\n\n\n\n<p>Por otra parte, los integrantes del bloque de Concejales de Uni\u00f3n por la Patria, expresaron su pesar por el deceso de la reconocida empleada municipal Claudia Castillo.&nbsp; Desde esta bancada acompa\u00f1an en su dolor a su familia y amigos.<\/p>\n<div class=\"fb-background-color\">\n\t\t\t  <div \n\t\t\t  \tclass = \"fb-comments\" \n\t\t\t  \tdata-href = \"https:\/\/www.elpolitologoyelpolitico.com.ar\/wordpress\/2023\/08\/01\/patagones-viedma-consolados-por-el-fallecimiento-de-claudia-castillo-quien-sufrio-hace-algunos-dias-un-accidente-en-un-incen\/\"\n\t\t\t  \tdata-numposts = \"10\"\n\t\t\t  \tdata-lazy = \"true\"\n\t\t\t\tdata-colorscheme = \"light\"\n\t\t\t\tdata-order-by = \"social\"\n\t\t\t\tdata-mobile=true>\n\t\t\t  <\/div><\/div>\n\t\t  <style>\n\t\t    .fb-background-color {\n\t\t\t\tbackground: #ffffff !important;\n\t\t\t}\n\t\t\t.fb_iframe_widget_fluid_desktop iframe {\n\t\t\t    width: 100% !important;\n\t\t\t}\n\t\t  <\/style>\n\t\t  ","protected":false},"excerpt":{"rendered":"<p>Hace pocos d\u00edas, un fuerte incendio se registr\u00f3 en la localidad de Carmen de Patagones, en una vivienda ubicada sobre calle Pacheco al 700. En la casa, se encontraba Claudia Castillo, mujer que result\u00f3 herida con varias quemaduras. De inmediato la llevaron al Hospital Pedro Ecay y horas despues fue trasladada al Sanatorio G\u00fcemes, en [&hellip;]<\/p>\n","protected":false},"author":4,"featured_media":33045,"comment_status":"closed","ping_status":"closed","sticky":false,"template":"","format":"standard","meta":{"_joinchat":[],"footnotes":""},"categories":[39],"tags":[],"class_list":["post-33044","post","type-post","status-publish","format-standard","has-post-thumbnail","hentry","category-en-esta-seccion"],"_links":{"self":[{"href":"https:\/\/www.elpolitologoyelpolitico.com.ar\/wordpress\/wp-json\/wp\/v2\/posts\/33044","targetHints":{"allow":["GET"]}}],"collection":[{"href":"https:\/\/www.elpolitologoyelpolitico.com.ar\/wordpress\/wp-json\/wp\/v2\/posts"}],"about":[{"href":"https:\/\/www.elpolitologoyelpolitico.com.ar\/wordpress\/wp-json\/wp\/v2\/types\/post"}],"author":[{"embeddable":true,"href":"https:\/\/www.elpolitologoyelpolitico.com.ar\/wordpress\/wp-json\/wp\/v2\/users\/4"}],"replies":[{"embeddable":true,"href":"https:\/\/www.elpolitologoyelpolitico.com.ar\/wordpress\/wp-json\/wp\/v2\/comments?post=33044"}],"version-history":[{"count":0,"href":"https:\/\/www.elpolitologoyelpolitico.com.ar\/wordpress\/wp-json\/wp\/v2\/posts\/33044\/revisions"}],"wp:featuredmedia":[{"embeddable":true,"href":"https:\/\/www.elpolitologoyelpolitico.com.ar\/wordpress\/wp-json\/wp\/v2\/media\/33045"}],"wp:attachment":[{"href":"https:\/\/www.elpolitologoyelpolitico.com.ar\/wordpress\/wp-json\/wp\/v2\/media?parent=33044"}],"wp:term":[{"taxonomy":"category","embeddable":true,"href":"https:\/\/www.elpolitologoyelpolitico.com.ar\/wordpress\/wp-json\/wp\/v2\/categories?post=33044"},{"taxonomy":"post_tag","embeddable":true,"href":"https:\/\/www.elpolitologoyelpolitico.com.ar\/wordpress\/wp-json\/wp\/v2\/tags?post=33044"}],"curies":[{"name":"wp","href":"https:\/\/api.w.org\/{rel}","templated":true}]}}