{"id":33040,"date":"2023-08-01T22:54:05","date_gmt":"2023-08-01T22:54:05","guid":{"rendered":"https:\/\/www.elpolitologoyelpolitico.com.ar\/wordpress\/?p=33040"},"modified":"2023-08-01T22:54:06","modified_gmt":"2023-08-01T22:54:06","slug":"este-domingo-se-festeja-el-dia-del-nino-en-el-barrio-santa-clara","status":"publish","type":"post","link":"https:\/\/www.elpolitologoyelpolitico.com.ar\/wordpress\/2023\/08\/01\/este-domingo-se-festeja-el-dia-del-nino-en-el-barrio-santa-clara\/","title":{"rendered":"Este domingo se festeja el D\u00eda del Ni\u00f1o en el Barrio Santa Clara"},"content":{"rendered":"\n<p>El domingo 6 de agosto a las 15hs en la Junta Vecinal del B\u00b0 Santa Clara unicado en la calle Santa Cruz 251 se festeja el d\u00eda del ni\u00f1o.<\/p>\n\n\n\n<p>La actividad est\u00e1 organizada por la Junta Vecinal y la escuela municipal de ajedrez de Viedma- C.A.V<\/p>\n\n\n\n<p><em>Juegos<\/em><\/p>\n\n\n\n<p>\u25cf Sistema de juego: Suizo a 6 rondas.<\/p>\n\n\n\n<p>\u25cf Sistema de Desempate: Bucholtz total.<\/p>\n\n\n\n<p>\u25cf Ritmo de juego: 10 min a Finish<\/p>\n\n\n\n<p>Las categorias que participan son la Sub- 11 Sub- 16 (mixto) con premios del 1\u00b0 lugar al 3\u00b0 lugar y entrega de certificado para todos los participantes.<\/p>\n\n\n\n<p>Las inscripciones se pueden realizar en la Junta Vecinal del Barrio Santa Clara o al n\u00famero 2920500736.<\/p>\n\n\n\n<p>Hay que recordar que las edades que pueden participar son de 6 a 16 a\u00f1os y el horario es de 14 a 18 horas.<\/p>\n\n\n\n<figure class=\"wp-block-image size-large\"><img fetchpriority=\"high\" decoding=\"async\" width=\"1024\" height=\"726\" src=\"https:\/\/www.elpolitologoyelpolitico.com.ar\/wp-content\/uploads\/2023\/08\/IMG-20230801-WA0032-1024x726.jpg\" alt=\"\" class=\"wp-image-33042\" srcset=\"https:\/\/www.elpolitologoyelpolitico.com.ar\/wp-content\/uploads\/2023\/08\/IMG-20230801-WA0032-1024x726.jpg 1024w, https:\/\/www.elpolitologoyelpolitico.com.ar\/wp-content\/uploads\/2023\/08\/IMG-20230801-WA0032-300x213.jpg 300w, https:\/\/www.elpolitologoyelpolitico.com.ar\/wp-content\/uploads\/2023\/08\/IMG-20230801-WA0032-768x545.jpg 768w, https:\/\/www.elpolitologoyelpolitico.com.ar\/wp-content\/uploads\/2023\/08\/IMG-20230801-WA0032-1536x1090.jpg 1536w, https:\/\/www.elpolitologoyelpolitico.com.ar\/wp-content\/uploads\/2023\/08\/IMG-20230801-WA0032.jpg 1600w\" sizes=\"(max-width: 1024px) 100vw, 1024px\" \/><\/figure>\n<div class=\"fb-background-color\">\n\t\t\t  <div \n\t\t\t  \tclass = \"fb-comments\" \n\t\t\t  \tdata-href = \"https:\/\/www.elpolitologoyelpolitico.com.ar\/wordpress\/2023\/08\/01\/este-domingo-se-festeja-el-dia-del-nino-en-el-barrio-santa-clara\/\"\n\t\t\t  \tdata-numposts = \"10\"\n\t\t\t  \tdata-lazy = \"true\"\n\t\t\t\tdata-colorscheme = \"light\"\n\t\t\t\tdata-order-by = \"social\"\n\t\t\t\tdata-mobile=true>\n\t\t\t  <\/div><\/div>\n\t\t  <style>\n\t\t    .fb-background-color {\n\t\t\t\tbackground: #ffffff !important;\n\t\t\t}\n\t\t\t.fb_iframe_widget_fluid_desktop iframe {\n\t\t\t    width: 100% !important;\n\t\t\t}\n\t\t  <\/style>\n\t\t  ","protected":false},"excerpt":{"rendered":"<p>El domingo 6 de agosto a las 15hs en la Junta Vecinal del B\u00b0 Santa Clara unicado en la calle Santa Cruz 251 se festeja el d\u00eda del ni\u00f1o. La actividad est\u00e1 organizada por la Junta Vecinal y la escuela municipal de ajedrez de Viedma- C.A.V Juegos \u25cf Sistema de juego: Suizo a 6 rondas. [&hellip;]<\/p>\n","protected":false},"author":4,"featured_media":33041,"comment_status":"closed","ping_status":"closed","sticky":false,"template":"","format":"standard","meta":{"_joinchat":[],"footnotes":""},"categories":[39],"tags":[],"class_list":["post-33040","post","type-post","status-publish","format-standard","has-post-thumbnail","hentry","category-en-esta-seccion"],"_links":{"self":[{"href":"https:\/\/www.elpolitologoyelpolitico.com.ar\/wordpress\/wp-json\/wp\/v2\/posts\/33040","targetHints":{"allow":["GET"]}}],"collection":[{"href":"https:\/\/www.elpolitologoyelpolitico.com.ar\/wordpress\/wp-json\/wp\/v2\/posts"}],"about":[{"href":"https:\/\/www.elpolitologoyelpolitico.com.ar\/wordpress\/wp-json\/wp\/v2\/types\/post"}],"author":[{"embeddable":true,"href":"https:\/\/www.elpolitologoyelpolitico.com.ar\/wordpress\/wp-json\/wp\/v2\/users\/4"}],"replies":[{"embeddable":true,"href":"https:\/\/www.elpolitologoyelpolitico.com.ar\/wordpress\/wp-json\/wp\/v2\/comments?post=33040"}],"version-history":[{"count":0,"href":"https:\/\/www.elpolitologoyelpolitico.com.ar\/wordpress\/wp-json\/wp\/v2\/posts\/33040\/revisions"}],"wp:featuredmedia":[{"embeddable":true,"href":"https:\/\/www.elpolitologoyelpolitico.com.ar\/wordpress\/wp-json\/wp\/v2\/media\/33041"}],"wp:attachment":[{"href":"https:\/\/www.elpolitologoyelpolitico.com.ar\/wordpress\/wp-json\/wp\/v2\/media?parent=33040"}],"wp:term":[{"taxonomy":"category","embeddable":true,"href":"https:\/\/www.elpolitologoyelpolitico.com.ar\/wordpress\/wp-json\/wp\/v2\/categories?post=33040"},{"taxonomy":"post_tag","embeddable":true,"href":"https:\/\/www.elpolitologoyelpolitico.com.ar\/wordpress\/wp-json\/wp\/v2\/tags?post=33040"}],"curies":[{"name":"wp","href":"https:\/\/api.w.org\/{rel}","templated":true}]}}