{"id":33037,"date":"2023-08-01T21:48:28","date_gmt":"2023-08-01T21:48:28","guid":{"rendered":"https:\/\/www.elpolitologoyelpolitico.com.ar\/wordpress\/?p=33037"},"modified":"2023-08-01T21:48:29","modified_gmt":"2023-08-01T21:48:29","slug":"el-dolar-blue-se-dispara-y-marco-un-nuevo-record-llegando-a-los-560","status":"publish","type":"post","link":"https:\/\/www.elpolitologoyelpolitico.com.ar\/wordpress\/2023\/08\/01\/el-dolar-blue-se-dispara-y-marco-un-nuevo-record-llegando-a-los-560\/","title":{"rendered":"El Dolar Blue se dispara y marc\u00f3 un nuevo r\u00e9cord llegando a los $560"},"content":{"rendered":"\n<p>El dolar informal sigue subiendo y hoy martes lleg\u00f3 a los $560 para la venta y $553 para la compra.<\/p>\n\n\n\n<p>De esta manera, marca un nuevo r\u00e9cord llegando a los $560.<\/p>\n\n\n\n<p>Esto es preocupante porque implica en la situaci\u00f3n economica que vive en estos momentos Argentina y todas las miradas estan puestas en los \u00faltimos d\u00edas previos a las elecciones, ya que existe la posibilidad de que el dolar Blue pase la barrera de los $560 y siga creciendo.<\/p>\n<div class=\"fb-background-color\">\n\t\t\t  <div \n\t\t\t  \tclass = \"fb-comments\" \n\t\t\t  \tdata-href = \"https:\/\/www.elpolitologoyelpolitico.com.ar\/wordpress\/2023\/08\/01\/el-dolar-blue-se-dispara-y-marco-un-nuevo-record-llegando-a-los-560\/\"\n\t\t\t  \tdata-numposts = \"10\"\n\t\t\t  \tdata-lazy = \"true\"\n\t\t\t\tdata-colorscheme = \"light\"\n\t\t\t\tdata-order-by = \"social\"\n\t\t\t\tdata-mobile=true>\n\t\t\t  <\/div><\/div>\n\t\t  <style>\n\t\t    .fb-background-color {\n\t\t\t\tbackground: #ffffff !important;\n\t\t\t}\n\t\t\t.fb_iframe_widget_fluid_desktop iframe {\n\t\t\t    width: 100% !important;\n\t\t\t}\n\t\t  <\/style>\n\t\t  ","protected":false},"excerpt":{"rendered":"<p>El dolar informal sigue subiendo y hoy martes lleg\u00f3 a los $560 para la venta y $553 para la compra. De esta manera, marca un nuevo r\u00e9cord llegando a los $560. Esto es preocupante porque implica en la situaci\u00f3n economica que vive en estos momentos Argentina y todas las miradas estan puestas en los \u00faltimos [&hellip;]<\/p>\n","protected":false},"author":4,"featured_media":33038,"comment_status":"closed","ping_status":"closed","sticky":false,"template":"","format":"standard","meta":{"_joinchat":[],"footnotes":""},"categories":[39],"tags":[],"class_list":["post-33037","post","type-post","status-publish","format-standard","has-post-thumbnail","hentry","category-en-esta-seccion"],"_links":{"self":[{"href":"https:\/\/www.elpolitologoyelpolitico.com.ar\/wordpress\/wp-json\/wp\/v2\/posts\/33037","targetHints":{"allow":["GET"]}}],"collection":[{"href":"https:\/\/www.elpolitologoyelpolitico.com.ar\/wordpress\/wp-json\/wp\/v2\/posts"}],"about":[{"href":"https:\/\/www.elpolitologoyelpolitico.com.ar\/wordpress\/wp-json\/wp\/v2\/types\/post"}],"author":[{"embeddable":true,"href":"https:\/\/www.elpolitologoyelpolitico.com.ar\/wordpress\/wp-json\/wp\/v2\/users\/4"}],"replies":[{"embeddable":true,"href":"https:\/\/www.elpolitologoyelpolitico.com.ar\/wordpress\/wp-json\/wp\/v2\/comments?post=33037"}],"version-history":[{"count":0,"href":"https:\/\/www.elpolitologoyelpolitico.com.ar\/wordpress\/wp-json\/wp\/v2\/posts\/33037\/revisions"}],"wp:featuredmedia":[{"embeddable":true,"href":"https:\/\/www.elpolitologoyelpolitico.com.ar\/wordpress\/wp-json\/wp\/v2\/media\/33038"}],"wp:attachment":[{"href":"https:\/\/www.elpolitologoyelpolitico.com.ar\/wordpress\/wp-json\/wp\/v2\/media?parent=33037"}],"wp:term":[{"taxonomy":"category","embeddable":true,"href":"https:\/\/www.elpolitologoyelpolitico.com.ar\/wordpress\/wp-json\/wp\/v2\/categories?post=33037"},{"taxonomy":"post_tag","embeddable":true,"href":"https:\/\/www.elpolitologoyelpolitico.com.ar\/wordpress\/wp-json\/wp\/v2\/tags?post=33037"}],"curies":[{"name":"wp","href":"https:\/\/api.w.org\/{rel}","templated":true}]}}