{"id":33030,"date":"2023-08-01T16:18:23","date_gmt":"2023-08-01T16:18:23","guid":{"rendered":"https:\/\/www.elpolitologoyelpolitico.com.ar\/wordpress\/?p=33030"},"modified":"2023-08-01T16:18:24","modified_gmt":"2023-08-01T16:18:24","slug":"juntos-cuidamos-el-ambiente-se-responsable-con-tus-residuos","status":"publish","type":"post","link":"https:\/\/www.elpolitologoyelpolitico.com.ar\/wordpress\/2023\/08\/01\/juntos-cuidamos-el-ambiente-se-responsable-con-tus-residuos\/","title":{"rendered":"Juntos cuidamos el ambiente: s\u00e9 responsable con tus residuos."},"content":{"rendered":"\n<p>El Gobierno de Viedma, recuerda la frecuencia por barrio para la recolecci\u00f3n de residuos domiciliarios, as\u00ed como pautas para el correcto uso de puntos verdes para material reciclable.<\/p>\n\n\n\n<p>Barrios tipo FoNaVi*, Zona C\u00e9ntrica Comercial y Costanera (7 d\u00edas de la semana)<\/p>\n\n\n\n<p>Dem\u00e1s barrios viedmenses:<\/p>\n\n\n\n<p>Frecuencia 6 (domingo a viernes)<\/p>\n\n\n\n<p>Parque Industrial: Frecuencia 3 (lunes, mi\u00e9rcoles y s\u00e1bados)<\/p>\n\n\n\n<p>El C\u00f3ndor**: Frecuencia 4 (lunes, mi\u00e9rcoles, viernes y domingo)<\/p>\n\n\n\n<p>El Juncal: Frecuencia 2 (martes y jueves)<\/p>\n\n\n\n<p>*Adicional Barrios FoNaVi: lunes, mi\u00e9rcoles, jueves, viernes y s\u00e1bado<\/p>\n\n\n\n<p>**Los barrios cerrados, consorcios parcelarios y viviendas camino a El C\u00f3ndor no pagan por la recolecci\u00f3n de residuos, pero se brinda el servicio los mismos d\u00edas que a la Villa Balnearia.<\/p>\n\n\n\n<p>Puntos Verdes<br>Las estaciones de separaci\u00f3n de residuos y campanas amarillas, son para uso particular de vecinos viedmenses, para depositar all\u00ed solamente material reciclable. No se deben colocar residuos domiciliarios, h\u00famedos o voluminosos de cualquier tipo, ni dejar material fuera de las estaciones y campanas. \u00bfCu\u00e1les se pueden depositar? Cart\u00f3n, papel, vidrio, aluminio, pl\u00e1sticos. Siempre limpios y secos.<\/p>\n\n\n\n<p>Dep\u00f3sito Voluntario de Residuos<br>Para restos de poda, construcci\u00f3n, voluminosos, textiles y electr\u00f3nicos, y todo tipo de residuos que no sean domiciliarios, deben ser llevados al DVR (Dep\u00f3sito Voluntario de Residuos) de mi\u00e9rcoles a lunes de 8 a 17hs.<\/p>\n\n\n\n<p>Aceites Vegetales Usados tambi\u00e9n deben ser llevados al DVR.<br>Direcci\u00f3n: Pehuenches 110, a la vera de la RP 1 a la altura del Barrio Nueva Capital.<\/p>\n\n\n\n<p>El cuidado del ambiente y la higiene urbana, es responsabilidad de toda la comunidad. Podemos ser protagonistas de una ciudad verde y limpia, en vez de ser responsables de la contaminaci\u00f3n con el riesgo de contraer enfermedades. Sumate!<\/p>\n<div class=\"fb-background-color\">\n\t\t\t  <div \n\t\t\t  \tclass = \"fb-comments\" \n\t\t\t  \tdata-href = \"https:\/\/www.elpolitologoyelpolitico.com.ar\/wordpress\/2023\/08\/01\/juntos-cuidamos-el-ambiente-se-responsable-con-tus-residuos\/\"\n\t\t\t  \tdata-numposts = \"10\"\n\t\t\t  \tdata-lazy = \"true\"\n\t\t\t\tdata-colorscheme = \"light\"\n\t\t\t\tdata-order-by = \"social\"\n\t\t\t\tdata-mobile=true>\n\t\t\t  <\/div><\/div>\n\t\t  <style>\n\t\t    .fb-background-color {\n\t\t\t\tbackground: #ffffff !important;\n\t\t\t}\n\t\t\t.fb_iframe_widget_fluid_desktop iframe {\n\t\t\t    width: 100% !important;\n\t\t\t}\n\t\t  <\/style>\n\t\t  ","protected":false},"excerpt":{"rendered":"<p>El Gobierno de Viedma, recuerda la frecuencia por barrio para la recolecci\u00f3n de residuos domiciliarios, as\u00ed como pautas para el correcto uso de puntos verdes para material reciclable. Barrios tipo FoNaVi*, Zona C\u00e9ntrica Comercial y Costanera (7 d\u00edas de la semana) Dem\u00e1s barrios viedmenses: Frecuencia 6 (domingo a viernes) Parque Industrial: Frecuencia 3 (lunes, mi\u00e9rcoles [&hellip;]<\/p>\n","protected":false},"author":4,"featured_media":33031,"comment_status":"closed","ping_status":"closed","sticky":false,"template":"","format":"standard","meta":{"_joinchat":[],"footnotes":""},"categories":[4],"tags":[],"class_list":["post-33030","post","type-post","status-publish","format-standard","has-post-thumbnail","hentry","category-politicas-publicas"],"_links":{"self":[{"href":"https:\/\/www.elpolitologoyelpolitico.com.ar\/wordpress\/wp-json\/wp\/v2\/posts\/33030","targetHints":{"allow":["GET"]}}],"collection":[{"href":"https:\/\/www.elpolitologoyelpolitico.com.ar\/wordpress\/wp-json\/wp\/v2\/posts"}],"about":[{"href":"https:\/\/www.elpolitologoyelpolitico.com.ar\/wordpress\/wp-json\/wp\/v2\/types\/post"}],"author":[{"embeddable":true,"href":"https:\/\/www.elpolitologoyelpolitico.com.ar\/wordpress\/wp-json\/wp\/v2\/users\/4"}],"replies":[{"embeddable":true,"href":"https:\/\/www.elpolitologoyelpolitico.com.ar\/wordpress\/wp-json\/wp\/v2\/comments?post=33030"}],"version-history":[{"count":0,"href":"https:\/\/www.elpolitologoyelpolitico.com.ar\/wordpress\/wp-json\/wp\/v2\/posts\/33030\/revisions"}],"wp:featuredmedia":[{"embeddable":true,"href":"https:\/\/www.elpolitologoyelpolitico.com.ar\/wordpress\/wp-json\/wp\/v2\/media\/33031"}],"wp:attachment":[{"href":"https:\/\/www.elpolitologoyelpolitico.com.ar\/wordpress\/wp-json\/wp\/v2\/media?parent=33030"}],"wp:term":[{"taxonomy":"category","embeddable":true,"href":"https:\/\/www.elpolitologoyelpolitico.com.ar\/wordpress\/wp-json\/wp\/v2\/categories?post=33030"},{"taxonomy":"post_tag","embeddable":true,"href":"https:\/\/www.elpolitologoyelpolitico.com.ar\/wordpress\/wp-json\/wp\/v2\/tags?post=33030"}],"curies":[{"name":"wp","href":"https:\/\/api.w.org\/{rel}","templated":true}]}}