{"id":33016,"date":"2023-08-01T02:28:34","date_gmt":"2023-08-01T02:28:34","guid":{"rendered":"https:\/\/www.elpolitologoyelpolitico.com.ar\/wordpress\/?p=33016"},"modified":"2023-08-01T02:28:35","modified_gmt":"2023-08-01T02:28:35","slug":"se-secuestraron-20-vehiculos-la-mayoria-por-alcoholemia-positiva","status":"publish","type":"post","link":"https:\/\/www.elpolitologoyelpolitico.com.ar\/wordpress\/2023\/08\/01\/se-secuestraron-20-vehiculos-la-mayoria-por-alcoholemia-positiva\/","title":{"rendered":"Se secuestraron 20 veh\u00edculos, la mayor\u00eda por alcoholemia positiva"},"content":{"rendered":"\n<p>El Gobierno de Viedma inform\u00f3 sobre los resultados obtenidos durante los operativos de control vial llevados a cabo el pasado fin de semana.<\/p>\n\n\n\n<p>Durante los procedimientos, se efectuaron un total de 20 secuestros de veh\u00edculos, que comprenden 11 casos relacionados con alcoholemia, un veh\u00edculo abandonado y ocho por anomal\u00edas en la documentaci\u00f3n presentada.<\/p>\n\n\n\n<p>De ese total, seis eran motocicletas y 14 autom\u00f3viles, cuyos conductores y propietarios infringieron las normas de tr\u00e1nsito vigentes.<\/p>\n\n\n\n<p>El titular de la Agencia Vial de Viedma Jorge Vilca subray\u00f3 que el objetivo principal de estos operativos es preservar la integridad de todos los ciudadanos, fomentando una cultura vial responsable y consciente.<\/p>\n\n\n\n<p>En este sentido, Jorge Vilca destac\u00f3 que aquellos conductores que resultaron infractores deber\u00e1n afrontar las multas correspondientes establecidas por la normativa vigente.<\/p>\n\n\n\n<p>Adem\u00e1s, se les requerir\u00e1 regularizar la documentaci\u00f3n pertinente para la recuperaci\u00f3n de los veh\u00edculos secuestrados.<\/p>\n\n\n\n<figure class=\"wp-block-image size-full\"><img fetchpriority=\"high\" decoding=\"async\" width=\"720\" height=\"540\" src=\"https:\/\/www.elpolitologoyelpolitico.com.ar\/wp-content\/uploads\/2023\/08\/IMG-20230731-WA0042.jpg\" alt=\"\" class=\"wp-image-33018\" srcset=\"https:\/\/www.elpolitologoyelpolitico.com.ar\/wp-content\/uploads\/2023\/08\/IMG-20230731-WA0042.jpg 720w, https:\/\/www.elpolitologoyelpolitico.com.ar\/wp-content\/uploads\/2023\/08\/IMG-20230731-WA0042-300x225.jpg 300w\" sizes=\"(max-width: 720px) 100vw, 720px\" \/><\/figure>\n<div class=\"fb-background-color\">\n\t\t\t  <div \n\t\t\t  \tclass = \"fb-comments\" \n\t\t\t  \tdata-href = \"https:\/\/www.elpolitologoyelpolitico.com.ar\/wordpress\/2023\/08\/01\/se-secuestraron-20-vehiculos-la-mayoria-por-alcoholemia-positiva\/\"\n\t\t\t  \tdata-numposts = \"10\"\n\t\t\t  \tdata-lazy = \"true\"\n\t\t\t\tdata-colorscheme = \"light\"\n\t\t\t\tdata-order-by = \"social\"\n\t\t\t\tdata-mobile=true>\n\t\t\t  <\/div><\/div>\n\t\t  <style>\n\t\t    .fb-background-color {\n\t\t\t\tbackground: #ffffff !important;\n\t\t\t}\n\t\t\t.fb_iframe_widget_fluid_desktop iframe {\n\t\t\t    width: 100% !important;\n\t\t\t}\n\t\t  <\/style>\n\t\t  ","protected":false},"excerpt":{"rendered":"<p>El Gobierno de Viedma inform\u00f3 sobre los resultados obtenidos durante los operativos de control vial llevados a cabo el pasado fin de semana. Durante los procedimientos, se efectuaron un total de 20 secuestros de veh\u00edculos, que comprenden 11 casos relacionados con alcoholemia, un veh\u00edculo abandonado y ocho por anomal\u00edas en la documentaci\u00f3n presentada. De ese [&hellip;]<\/p>\n","protected":false},"author":4,"featured_media":33017,"comment_status":"closed","ping_status":"closed","sticky":false,"template":"","format":"standard","meta":{"_joinchat":[],"footnotes":""},"categories":[39],"tags":[],"class_list":["post-33016","post","type-post","status-publish","format-standard","has-post-thumbnail","hentry","category-en-esta-seccion"],"_links":{"self":[{"href":"https:\/\/www.elpolitologoyelpolitico.com.ar\/wordpress\/wp-json\/wp\/v2\/posts\/33016","targetHints":{"allow":["GET"]}}],"collection":[{"href":"https:\/\/www.elpolitologoyelpolitico.com.ar\/wordpress\/wp-json\/wp\/v2\/posts"}],"about":[{"href":"https:\/\/www.elpolitologoyelpolitico.com.ar\/wordpress\/wp-json\/wp\/v2\/types\/post"}],"author":[{"embeddable":true,"href":"https:\/\/www.elpolitologoyelpolitico.com.ar\/wordpress\/wp-json\/wp\/v2\/users\/4"}],"replies":[{"embeddable":true,"href":"https:\/\/www.elpolitologoyelpolitico.com.ar\/wordpress\/wp-json\/wp\/v2\/comments?post=33016"}],"version-history":[{"count":0,"href":"https:\/\/www.elpolitologoyelpolitico.com.ar\/wordpress\/wp-json\/wp\/v2\/posts\/33016\/revisions"}],"wp:featuredmedia":[{"embeddable":true,"href":"https:\/\/www.elpolitologoyelpolitico.com.ar\/wordpress\/wp-json\/wp\/v2\/media\/33017"}],"wp:attachment":[{"href":"https:\/\/www.elpolitologoyelpolitico.com.ar\/wordpress\/wp-json\/wp\/v2\/media?parent=33016"}],"wp:term":[{"taxonomy":"category","embeddable":true,"href":"https:\/\/www.elpolitologoyelpolitico.com.ar\/wordpress\/wp-json\/wp\/v2\/categories?post=33016"},{"taxonomy":"post_tag","embeddable":true,"href":"https:\/\/www.elpolitologoyelpolitico.com.ar\/wordpress\/wp-json\/wp\/v2\/tags?post=33016"}],"curies":[{"name":"wp","href":"https:\/\/api.w.org\/{rel}","templated":true}]}}