{"id":32987,"date":"2023-07-31T17:25:49","date_gmt":"2023-07-31T17:25:49","guid":{"rendered":"https:\/\/www.elpolitologoyelpolitico.com.ar\/wordpress\/?p=32987"},"modified":"2023-07-31T17:25:50","modified_gmt":"2023-07-31T17:25:50","slug":"alto-valle-mas-de-2000-ninos-y-ninas-disfrutaron-de-carnaval-de-animales-y-esta-semana-sera-el-turno-de-viedma","status":"publish","type":"post","link":"https:\/\/www.elpolitologoyelpolitico.com.ar\/wordpress\/2023\/07\/31\/alto-valle-mas-de-2000-ninos-y-ninas-disfrutaron-de-carnaval-de-animales-y-esta-semana-sera-el-turno-de-viedma\/","title":{"rendered":"Alto Valle: M\u00e1s de 2000 ni\u00f1os y ni\u00f1as disfrutaron de \u201cCarnaval de Animales\u201d y est\u00e1 semana ser\u00e1 el turno de Viedma"},"content":{"rendered":"\n<p>En el marco de las actividades por las vacaciones de invierno, la Filarm\u00f3nica de R\u00edo Negro brind\u00f3 el concierto \u201cCarnaval de Animales\u201d, en las ciudades de Cipolletti y General Roca, del que disfrutaron m\u00e1s de 2000 ni\u00f1os y ni\u00f1as de la regi\u00f3n. La pr\u00f3xima semana ser\u00e1 el turno de Viedma, con funciones el mi\u00e9rcoles 2 y el jueves 3 de agosto.<\/p>\n\n\n\n<p>Con conciertos abiertos al p\u00fablico y funciones especiales para las escuelas primarias de cada una de las localidades, la Filarm\u00f3nica de R\u00edo Negro, dependiente de la Secretar\u00eda de Estado de Cultura, deslumbr\u00f3 a grandes y chicos entre acordes y colores, con la presencia de t\u00edteres de la Patagonia.<\/p>\n\n\n\n<p>\u201cCarnaval de los Animales\u201d es una suite musical que escribi\u00f3 el compositor franc\u00e9s Camille Saint-Sa\u00ebns en 1886 y es presentada en esta ocasi\u00f3n bajo la direcci\u00f3n general del Maestro Mart\u00edn Fraile Milstein, la direcci\u00f3n musical del reconocido m\u00fasico y director de orquesta Anderson Perea da Silva; y la idea y puesta de t\u00edteres de la titiritera Ayelen Allende.<\/p>\n\n\n\n<p>Los t\u00edteres cobran vida en el escenario a trav\u00e9s de David \u00c1vila, Marina Di Giovanni, Agustina Ferrer, Luciano Ju\u00e1rez, Sibel Prieto e Iv\u00e1n Pavletich.<\/p>\n\n\n\n<p>A la presentaci\u00f3n realizada en Cipolletti asisti\u00f3 el secretario de Estado de Cultura, Ariel Avalos, junto a la secretaria de Cultura de Cipolletti, Silvia Seisdedos.<\/p>\n\n\n\n<p>El concierto se replicar\u00e1 en el Centro Municipal de Cultura de Viedma (Gallardo 550) el pr\u00f3ximo mi\u00e9rcoles 2 de agosto a las 20 hs y el jueves 3 de agosto con una doble funci\u00f3n: una a las 18 hs y otra a las 20 hs.<\/p>\n\n\n\n<p>Estas actividades se realizan en el marco de la pol\u00edtica p\u00fablica cultural en la que, adem\u00e1s de ofrecer conciertos abiertos al p\u00fablico, tambi\u00e9n se generan conciertos en las escuelas primarias, con el fin de garantizar el acceso a las propuestas musicales a los ni\u00f1os y ni\u00f1as de la provincia.<\/p>\n\n\n\n<figure class=\"wp-block-gallery has-nested-images columns-default is-cropped wp-block-gallery-1 is-layout-flex wp-block-gallery-is-layout-flex\">\n<figure class=\"wp-block-image size-large\"><img fetchpriority=\"high\" decoding=\"async\" width=\"1024\" height=\"768\" data-id=\"32989\" src=\"https:\/\/www.elpolitologoyelpolitico.com.ar\/wp-content\/uploads\/2023\/07\/IMG-20230731-WA0003-1024x768.jpg\" alt=\"\" class=\"wp-image-32989\" srcset=\"https:\/\/www.elpolitologoyelpolitico.com.ar\/wp-content\/uploads\/2023\/07\/IMG-20230731-WA0003-1024x768.jpg 1024w, https:\/\/www.elpolitologoyelpolitico.com.ar\/wp-content\/uploads\/2023\/07\/IMG-20230731-WA0003-300x225.jpg 300w, https:\/\/www.elpolitologoyelpolitico.com.ar\/wp-content\/uploads\/2023\/07\/IMG-20230731-WA0003-768x576.jpg 768w, https:\/\/www.elpolitologoyelpolitico.com.ar\/wp-content\/uploads\/2023\/07\/IMG-20230731-WA0003.jpg 1280w\" sizes=\"(max-width: 1024px) 100vw, 1024px\" \/><\/figure>\n\n\n\n<figure class=\"wp-block-image size-large\"><img decoding=\"async\" width=\"1024\" height=\"768\" data-id=\"32990\" src=\"https:\/\/www.elpolitologoyelpolitico.com.ar\/wp-content\/uploads\/2023\/07\/IMG-20230731-WA0005-1024x768.jpg\" alt=\"\" class=\"wp-image-32990\" srcset=\"https:\/\/www.elpolitologoyelpolitico.com.ar\/wp-content\/uploads\/2023\/07\/IMG-20230731-WA0005-1024x768.jpg 1024w, https:\/\/www.elpolitologoyelpolitico.com.ar\/wp-content\/uploads\/2023\/07\/IMG-20230731-WA0005-300x225.jpg 300w, https:\/\/www.elpolitologoyelpolitico.com.ar\/wp-content\/uploads\/2023\/07\/IMG-20230731-WA0005-768x576.jpg 768w, https:\/\/www.elpolitologoyelpolitico.com.ar\/wp-content\/uploads\/2023\/07\/IMG-20230731-WA0005.jpg 1280w\" sizes=\"(max-width: 1024px) 100vw, 1024px\" \/><\/figure>\n<\/figure>\n<div class=\"fb-background-color\">\n\t\t\t  <div \n\t\t\t  \tclass = \"fb-comments\" \n\t\t\t  \tdata-href = \"https:\/\/www.elpolitologoyelpolitico.com.ar\/wordpress\/2023\/07\/31\/alto-valle-mas-de-2000-ninos-y-ninas-disfrutaron-de-carnaval-de-animales-y-esta-semana-sera-el-turno-de-viedma\/\"\n\t\t\t  \tdata-numposts = \"10\"\n\t\t\t  \tdata-lazy = \"true\"\n\t\t\t\tdata-colorscheme = \"light\"\n\t\t\t\tdata-order-by = \"social\"\n\t\t\t\tdata-mobile=true>\n\t\t\t  <\/div><\/div>\n\t\t  <style>\n\t\t    .fb-background-color {\n\t\t\t\tbackground: #ffffff !important;\n\t\t\t}\n\t\t\t.fb_iframe_widget_fluid_desktop iframe {\n\t\t\t    width: 100% !important;\n\t\t\t}\n\t\t  <\/style>\n\t\t  ","protected":false},"excerpt":{"rendered":"<p>En el marco de las actividades por las vacaciones de invierno, la Filarm\u00f3nica de R\u00edo Negro brind\u00f3 el concierto \u201cCarnaval de Animales\u201d, en las ciudades de Cipolletti y General Roca, del que disfrutaron m\u00e1s de 2000 ni\u00f1os y ni\u00f1as de la regi\u00f3n. La pr\u00f3xima semana ser\u00e1 el turno de Viedma, con funciones el mi\u00e9rcoles 2 [&hellip;]<\/p>\n","protected":false},"author":4,"featured_media":32988,"comment_status":"closed","ping_status":"closed","sticky":false,"template":"","format":"standard","meta":{"_joinchat":[],"footnotes":""},"categories":[39],"tags":[],"class_list":["post-32987","post","type-post","status-publish","format-standard","has-post-thumbnail","hentry","category-en-esta-seccion"],"_links":{"self":[{"href":"https:\/\/www.elpolitologoyelpolitico.com.ar\/wordpress\/wp-json\/wp\/v2\/posts\/32987","targetHints":{"allow":["GET"]}}],"collection":[{"href":"https:\/\/www.elpolitologoyelpolitico.com.ar\/wordpress\/wp-json\/wp\/v2\/posts"}],"about":[{"href":"https:\/\/www.elpolitologoyelpolitico.com.ar\/wordpress\/wp-json\/wp\/v2\/types\/post"}],"author":[{"embeddable":true,"href":"https:\/\/www.elpolitologoyelpolitico.com.ar\/wordpress\/wp-json\/wp\/v2\/users\/4"}],"replies":[{"embeddable":true,"href":"https:\/\/www.elpolitologoyelpolitico.com.ar\/wordpress\/wp-json\/wp\/v2\/comments?post=32987"}],"version-history":[{"count":0,"href":"https:\/\/www.elpolitologoyelpolitico.com.ar\/wordpress\/wp-json\/wp\/v2\/posts\/32987\/revisions"}],"wp:featuredmedia":[{"embeddable":true,"href":"https:\/\/www.elpolitologoyelpolitico.com.ar\/wordpress\/wp-json\/wp\/v2\/media\/32988"}],"wp:attachment":[{"href":"https:\/\/www.elpolitologoyelpolitico.com.ar\/wordpress\/wp-json\/wp\/v2\/media?parent=32987"}],"wp:term":[{"taxonomy":"category","embeddable":true,"href":"https:\/\/www.elpolitologoyelpolitico.com.ar\/wordpress\/wp-json\/wp\/v2\/categories?post=32987"},{"taxonomy":"post_tag","embeddable":true,"href":"https:\/\/www.elpolitologoyelpolitico.com.ar\/wordpress\/wp-json\/wp\/v2\/tags?post=32987"}],"curies":[{"name":"wp","href":"https:\/\/api.w.org\/{rel}","templated":true}]}}