{"id":32974,"date":"2023-07-31T01:11:15","date_gmt":"2023-07-31T01:11:15","guid":{"rendered":"https:\/\/www.elpolitologoyelpolitico.com.ar\/wordpress\/?p=32974"},"modified":"2023-07-31T01:11:16","modified_gmt":"2023-07-31T01:11:16","slug":"el-ippv-entrego-el-proyecto-de-la-residencia-universitaria-a-la-unco","status":"publish","type":"post","link":"https:\/\/www.elpolitologoyelpolitico.com.ar\/wordpress\/2023\/07\/31\/el-ippv-entrego-el-proyecto-de-la-residencia-universitaria-a-la-unco\/","title":{"rendered":"El IPPV entreg\u00f3 el proyecto de la Residencia Universitaria a la UNCo"},"content":{"rendered":"\n<p>Ayer viernes la interventora del Instituto de Planificaci\u00f3n y Promoci\u00f3n de la Viviendas (IPPV), In\u00e9s P\u00e9rez Raventos, hizo entrega a la decana del Centro Regional Zona Atl\u00e1ntica de la Universidad Nacional del Comahue (UNCo), Adriana Goicochea, el proyecto t\u00e9cnico de la Residencia Universitaria CURZA.<\/p>\n\n\n\n<p>El proyecto consta de la memoria t\u00e9cnico \u2013 descriptiva, el legajo t\u00e9cnico, el c\u00f3mputo y presupuesto, el plan de trabajo y curva de inversi\u00f3n correspondientes, confeccionado por la Subsecretar\u00eda de H\u00e1bitat Sustentable del IPPV.<\/p>\n\n\n\n<p>Acompa\u00f1aron a las referentes el subsecretario de H\u00e1bitat Sustentable del IPPV, Sergio Doctorovich; la directora de Programaci\u00f3n de Obras del IPPV, Pamela Baffoni; y la secretaria Privada de la UNCo, Paula Mariela Lui.<\/p>\n<div class=\"fb-background-color\">\n\t\t\t  <div \n\t\t\t  \tclass = \"fb-comments\" \n\t\t\t  \tdata-href = \"https:\/\/www.elpolitologoyelpolitico.com.ar\/wordpress\/2023\/07\/31\/el-ippv-entrego-el-proyecto-de-la-residencia-universitaria-a-la-unco\/\"\n\t\t\t  \tdata-numposts = \"10\"\n\t\t\t  \tdata-lazy = \"true\"\n\t\t\t\tdata-colorscheme = \"light\"\n\t\t\t\tdata-order-by = \"social\"\n\t\t\t\tdata-mobile=true>\n\t\t\t  <\/div><\/div>\n\t\t  <style>\n\t\t    .fb-background-color {\n\t\t\t\tbackground: #ffffff !important;\n\t\t\t}\n\t\t\t.fb_iframe_widget_fluid_desktop iframe {\n\t\t\t    width: 100% !important;\n\t\t\t}\n\t\t  <\/style>\n\t\t  ","protected":false},"excerpt":{"rendered":"<p>Ayer viernes la interventora del Instituto de Planificaci\u00f3n y Promoci\u00f3n de la Viviendas (IPPV), In\u00e9s P\u00e9rez Raventos, hizo entrega a la decana del Centro Regional Zona Atl\u00e1ntica de la Universidad Nacional del Comahue (UNCo), Adriana Goicochea, el proyecto t\u00e9cnico de la Residencia Universitaria CURZA. El proyecto consta de la memoria t\u00e9cnico \u2013 descriptiva, el legajo [&hellip;]<\/p>\n","protected":false},"author":4,"featured_media":32975,"comment_status":"closed","ping_status":"closed","sticky":false,"template":"","format":"standard","meta":{"_joinchat":[],"footnotes":""},"categories":[4],"tags":[],"class_list":["post-32974","post","type-post","status-publish","format-standard","has-post-thumbnail","hentry","category-politicas-publicas"],"_links":{"self":[{"href":"https:\/\/www.elpolitologoyelpolitico.com.ar\/wordpress\/wp-json\/wp\/v2\/posts\/32974","targetHints":{"allow":["GET"]}}],"collection":[{"href":"https:\/\/www.elpolitologoyelpolitico.com.ar\/wordpress\/wp-json\/wp\/v2\/posts"}],"about":[{"href":"https:\/\/www.elpolitologoyelpolitico.com.ar\/wordpress\/wp-json\/wp\/v2\/types\/post"}],"author":[{"embeddable":true,"href":"https:\/\/www.elpolitologoyelpolitico.com.ar\/wordpress\/wp-json\/wp\/v2\/users\/4"}],"replies":[{"embeddable":true,"href":"https:\/\/www.elpolitologoyelpolitico.com.ar\/wordpress\/wp-json\/wp\/v2\/comments?post=32974"}],"version-history":[{"count":0,"href":"https:\/\/www.elpolitologoyelpolitico.com.ar\/wordpress\/wp-json\/wp\/v2\/posts\/32974\/revisions"}],"wp:featuredmedia":[{"embeddable":true,"href":"https:\/\/www.elpolitologoyelpolitico.com.ar\/wordpress\/wp-json\/wp\/v2\/media\/32975"}],"wp:attachment":[{"href":"https:\/\/www.elpolitologoyelpolitico.com.ar\/wordpress\/wp-json\/wp\/v2\/media?parent=32974"}],"wp:term":[{"taxonomy":"category","embeddable":true,"href":"https:\/\/www.elpolitologoyelpolitico.com.ar\/wordpress\/wp-json\/wp\/v2\/categories?post=32974"},{"taxonomy":"post_tag","embeddable":true,"href":"https:\/\/www.elpolitologoyelpolitico.com.ar\/wordpress\/wp-json\/wp\/v2\/tags?post=32974"}],"curies":[{"name":"wp","href":"https:\/\/api.w.org\/{rel}","templated":true}]}}