{"id":32971,"date":"2023-07-31T00:48:51","date_gmt":"2023-07-31T00:48:51","guid":{"rendered":"https:\/\/www.elpolitologoyelpolitico.com.ar\/wordpress\/?p=32971"},"modified":"2023-07-31T00:48:52","modified_gmt":"2023-07-31T00:48:52","slug":"elecciones-2023-abren-las-inscripciones-para-capacitar-a-las-autoridades-de-mesa","status":"publish","type":"post","link":"https:\/\/www.elpolitologoyelpolitico.com.ar\/wordpress\/2023\/07\/31\/elecciones-2023-abren-las-inscripciones-para-capacitar-a-las-autoridades-de-mesa\/","title":{"rendered":"Elecciones 2023: abren las inscripciones para capacitar a las autoridades de Mesa"},"content":{"rendered":"\n<p>La C\u00e1mara Nacional Electoral, junto a la Justicia Nacional Electoral y el gobierno de la Provincia de Buenos Aires a trav\u00e9s de la Municipalidad de Patagones invitan a todas aquellas personas que fueron designadas para desempe\u00f1arse como Autoridades de Mesa en los pr\u00f3ximos comicios de este a\u00f1o 2023 a inscribirse de manera gratuita en el Programa de Capacitaci\u00f3n que se brindar\u00e1 en las sedes universitarias la UPSO, espec\u00edficamente de Carmen de Patagones, Darregueira (Puan) y Salliquel\u00f3.<\/p>\n\n\n\n<p>El programa aborda los conceptos esenciales de la din\u00e1mica electoral, principalmente sobre el<br>rol y las atribuciones de los diferentes actores que intervienen en el proceso electoral, as\u00ed como<br>para brindar herramientas necesarias para que las Autoridades designadas por la Justicia Electoral desarrollen las tareas de escrutinio en forma correcta.<\/p>\n\n\n\n<p>La capacitaci\u00f3n se brindar\u00e1 de forma presencial en su propia localidad.<\/p>\n\n\n\n<p>Los interesados podr\u00e1n inscribirse ingresando al siguiente link:<br>https:\/\/www.padron.gob.ar\/cne_turnos donde podr\u00e1n elegir d\u00eda y horario del encuentro, el cual se extender\u00e1 por aproximadamente<br>dos horas y media.<\/p>\n<div class=\"fb-background-color\">\n\t\t\t  <div \n\t\t\t  \tclass = \"fb-comments\" \n\t\t\t  \tdata-href = \"https:\/\/www.elpolitologoyelpolitico.com.ar\/wordpress\/2023\/07\/31\/elecciones-2023-abren-las-inscripciones-para-capacitar-a-las-autoridades-de-mesa\/\"\n\t\t\t  \tdata-numposts = \"10\"\n\t\t\t  \tdata-lazy = \"true\"\n\t\t\t\tdata-colorscheme = \"light\"\n\t\t\t\tdata-order-by = \"social\"\n\t\t\t\tdata-mobile=true>\n\t\t\t  <\/div><\/div>\n\t\t  <style>\n\t\t    .fb-background-color {\n\t\t\t\tbackground: #ffffff !important;\n\t\t\t}\n\t\t\t.fb_iframe_widget_fluid_desktop iframe {\n\t\t\t    width: 100% !important;\n\t\t\t}\n\t\t  <\/style>\n\t\t  ","protected":false},"excerpt":{"rendered":"<p>La C\u00e1mara Nacional Electoral, junto a la Justicia Nacional Electoral y el gobierno de la Provincia de Buenos Aires a trav\u00e9s de la Municipalidad de Patagones invitan a todas aquellas personas que fueron designadas para desempe\u00f1arse como Autoridades de Mesa en los pr\u00f3ximos comicios de este a\u00f1o 2023 a inscribirse de manera gratuita en el [&hellip;]<\/p>\n","protected":false},"author":4,"featured_media":32972,"comment_status":"closed","ping_status":"closed","sticky":false,"template":"","format":"standard","meta":{"_joinchat":[],"footnotes":""},"categories":[38],"tags":[],"class_list":["post-32971","post","type-post","status-publish","format-standard","has-post-thumbnail","hentry","category-elecciones"],"_links":{"self":[{"href":"https:\/\/www.elpolitologoyelpolitico.com.ar\/wordpress\/wp-json\/wp\/v2\/posts\/32971","targetHints":{"allow":["GET"]}}],"collection":[{"href":"https:\/\/www.elpolitologoyelpolitico.com.ar\/wordpress\/wp-json\/wp\/v2\/posts"}],"about":[{"href":"https:\/\/www.elpolitologoyelpolitico.com.ar\/wordpress\/wp-json\/wp\/v2\/types\/post"}],"author":[{"embeddable":true,"href":"https:\/\/www.elpolitologoyelpolitico.com.ar\/wordpress\/wp-json\/wp\/v2\/users\/4"}],"replies":[{"embeddable":true,"href":"https:\/\/www.elpolitologoyelpolitico.com.ar\/wordpress\/wp-json\/wp\/v2\/comments?post=32971"}],"version-history":[{"count":0,"href":"https:\/\/www.elpolitologoyelpolitico.com.ar\/wordpress\/wp-json\/wp\/v2\/posts\/32971\/revisions"}],"wp:featuredmedia":[{"embeddable":true,"href":"https:\/\/www.elpolitologoyelpolitico.com.ar\/wordpress\/wp-json\/wp\/v2\/media\/32972"}],"wp:attachment":[{"href":"https:\/\/www.elpolitologoyelpolitico.com.ar\/wordpress\/wp-json\/wp\/v2\/media?parent=32971"}],"wp:term":[{"taxonomy":"category","embeddable":true,"href":"https:\/\/www.elpolitologoyelpolitico.com.ar\/wordpress\/wp-json\/wp\/v2\/categories?post=32971"},{"taxonomy":"post_tag","embeddable":true,"href":"https:\/\/www.elpolitologoyelpolitico.com.ar\/wordpress\/wp-json\/wp\/v2\/tags?post=32971"}],"curies":[{"name":"wp","href":"https:\/\/api.w.org\/{rel}","templated":true}]}}