{"id":32960,"date":"2023-07-29T18:19:59","date_gmt":"2023-07-29T18:19:59","guid":{"rendered":"https:\/\/www.elpolitologoyelpolitico.com.ar\/wordpress\/?p=32960"},"modified":"2023-07-29T18:20:00","modified_gmt":"2023-07-29T18:20:00","slug":"se-concreto-la-licitacion-para-la-instalacion-de-la-red-de-gas-y-calefactores-en-la-escuela-de-arte","status":"publish","type":"post","link":"https:\/\/www.elpolitologoyelpolitico.com.ar\/wordpress\/2023\/07\/29\/se-concreto-la-licitacion-para-la-instalacion-de-la-red-de-gas-y-calefactores-en-la-escuela-de-arte\/","title":{"rendered":"Se concret\u00f3 la licitaci\u00f3n para la instalaci\u00f3n de la red de gas y calefactores en la Escuela de Arte"},"content":{"rendered":"\n<p>Este viernes, el Intendente Municipal, Ing. Jos\u00e9 Luis Zara, presidi\u00f3 la licitaci\u00f3n correspondiente a la obra de instalaci\u00f3n de red de gas y colocaci\u00f3n de calefactores en el edificio de la Escuela de Arte \u00abAlcides Biagetti\u00bb, de Carmen de Patagones.<\/p>\n\n\n\n<p>Lo acompa\u00f1aron, el Secretario de Hacienda, Ricardo Teller\u00eda, el Secretario de Gobierno, Daniel Paredes, el Secretario y Subsecretario de Obras P\u00fablicas, Jorge Isaac y Roberto Haure, respectivamente, la Directora de Gobierno, Adriana Llambay, y en representaci\u00f3n del Departamento de Compras, Norma Mesa.<\/p>\n\n\n\n<p>Adem\u00e1s, participaron el presidente y la vicepresidente del Consejo Escolar, Paulo Bykaluk y Silvia Fiori, respectivamente, la Directora de la Escuela de Arte, Mariana Giorgetti, los concejales de Juntos, Romina Colombi y Armando Baril\u00e1, y miembros del Centro de Estudiantes de la instituci\u00f3n.<\/p>\n\n\n\n<p>Previo a la apertura de sobres, hizo uso de la palabra la Directora de la Escuela de Arte, quien sostuvo que \u00abpara nosotros esto es una oportunidad, un logro y un derecho para nuestros estudiantes y docentes de poder habitar un espacio, una escuela como la nuestra que es referente en toda la Patagonia y desde un lugar de verdadero derecho. Estamos felices con este acto, est\u00e1bamos esperando mucho este momento que sali\u00f3 muy r\u00e1pido asique estamos muy agradecidos tambi\u00e9n\u00bb.<\/p>\n\n\n\n<p>Asimismo, hizo lo propio el presidente del Consejo Escolar, Paulo Bykaluk, quien asegur\u00f3 que \u00abera una obra que no estaba planeada porque la instituci\u00f3n contaba con una caldera de calefacci\u00f3n pero por distintas adversidades hubo que hacer un cambio en el presupuesto. Es un logro que se concret\u00f3 muy r\u00e1pido gracias al trabajo en conjunto con el municipio, el Consejo Escolar y las instituciones, hemos logrado que hoy se licite la obra de gas. Estamos contentos y vamos a seguir adelante porque nuestro objetivo siempre es trabajar por la educaci\u00f3n p\u00fablica\u00bb.<\/p>\n\n\n\n<p>Finalmente, tom\u00f3 la palabra el Intendente Zara: \u00abhoy se hace realidad este pedido que nos solicitaron desde la instituci\u00f3n educativa y quiero agradecer especialmente a Ariel Lambezat, que es el referente de Infraestructura de la Provincia que cuando lo llam\u00e9 por este inconveniente r\u00e1pidamente se puso a disposici\u00f3n y esto es un trabajo mancomunado con la provincia para resolver un problema de una obra que se inaugur\u00f3 no hace mucho tiempo pero muchas veces pasa que las obras financiadas por el gobierno nacional no se tiene en cuenta la zona donde estamos y llevan adelante alg\u00fan sistema de calderas el\u00e9ctricas. El importe es de 10 millones, tenemos la suerte de que haya tres oferentes, hay inter\u00e9s en la obra y, si est\u00e1n dentro de los montos oficiales pr\u00f3ximamente estaremos haciendo la obra\u00bb.<\/p>\n\n\n\n<p>Cabe destacar que los trabajos ser\u00e1n financiados a trav\u00e9s del Programa Provincia de Emergencia Educativa Edilicia.<\/p>\n\n\n<div class=\"wp-block-post-author\"><div class=\"wp-block-post-author__avatar\"><\/div><div class=\"wp-block-post-author__content\"><p class=\"wp-block-post-author__name\">Lucas Roche<\/p><\/div><\/div>\n\n\n<figure class=\"wp-block-gallery has-nested-images columns-default is-cropped wp-block-gallery-1 is-layout-flex wp-block-gallery-is-layout-flex\">\n<figure class=\"wp-block-image size-large\"><img fetchpriority=\"high\" decoding=\"async\" width=\"576\" height=\"1024\" data-id=\"32962\" src=\"https:\/\/www.elpolitologoyelpolitico.com.ar\/wp-content\/uploads\/2023\/07\/IMG-20230729-WA0016-576x1024.jpg\" alt=\"\" class=\"wp-image-32962\" srcset=\"https:\/\/www.elpolitologoyelpolitico.com.ar\/wp-content\/uploads\/2023\/07\/IMG-20230729-WA0016-576x1024.jpg 576w, https:\/\/www.elpolitologoyelpolitico.com.ar\/wp-content\/uploads\/2023\/07\/IMG-20230729-WA0016-169x300.jpg 169w, https:\/\/www.elpolitologoyelpolitico.com.ar\/wp-content\/uploads\/2023\/07\/IMG-20230729-WA0016.jpg 720w\" sizes=\"(max-width: 576px) 100vw, 576px\" \/><\/figure>\n\n\n\n<figure class=\"wp-block-image size-large\"><img decoding=\"async\" width=\"576\" height=\"1024\" data-id=\"32963\" src=\"https:\/\/www.elpolitologoyelpolitico.com.ar\/wp-content\/uploads\/2023\/07\/IMG-20230729-WA0017-576x1024.jpg\" alt=\"\" class=\"wp-image-32963\" srcset=\"https:\/\/www.elpolitologoyelpolitico.com.ar\/wp-content\/uploads\/2023\/07\/IMG-20230729-WA0017-576x1024.jpg 576w, https:\/\/www.elpolitologoyelpolitico.com.ar\/wp-content\/uploads\/2023\/07\/IMG-20230729-WA0017-169x300.jpg 169w, https:\/\/www.elpolitologoyelpolitico.com.ar\/wp-content\/uploads\/2023\/07\/IMG-20230729-WA0017.jpg 720w\" sizes=\"(max-width: 576px) 100vw, 576px\" \/><\/figure>\n<\/figure>\n<div class=\"fb-background-color\">\n\t\t\t  <div \n\t\t\t  \tclass = \"fb-comments\" \n\t\t\t  \tdata-href = \"https:\/\/www.elpolitologoyelpolitico.com.ar\/wordpress\/2023\/07\/29\/se-concreto-la-licitacion-para-la-instalacion-de-la-red-de-gas-y-calefactores-en-la-escuela-de-arte\/\"\n\t\t\t  \tdata-numposts = \"10\"\n\t\t\t  \tdata-lazy = \"true\"\n\t\t\t\tdata-colorscheme = \"light\"\n\t\t\t\tdata-order-by = \"social\"\n\t\t\t\tdata-mobile=true>\n\t\t\t  <\/div><\/div>\n\t\t  <style>\n\t\t    .fb-background-color {\n\t\t\t\tbackground: #ffffff !important;\n\t\t\t}\n\t\t\t.fb_iframe_widget_fluid_desktop iframe {\n\t\t\t    width: 100% !important;\n\t\t\t}\n\t\t  <\/style>\n\t\t  ","protected":false},"excerpt":{"rendered":"<p>Este viernes, el Intendente Municipal, Ing. Jos\u00e9 Luis Zara, presidi\u00f3 la licitaci\u00f3n correspondiente a la obra de instalaci\u00f3n de red de gas y colocaci\u00f3n de calefactores en el edificio de la Escuela de Arte \u00abAlcides Biagetti\u00bb, de Carmen de Patagones. Lo acompa\u00f1aron, el Secretario de Hacienda, Ricardo Teller\u00eda, el Secretario de Gobierno, Daniel Paredes, el [&hellip;]<\/p>\n","protected":false},"author":4,"featured_media":32961,"comment_status":"closed","ping_status":"closed","sticky":false,"template":"","format":"standard","meta":{"_joinchat":[],"footnotes":""},"categories":[4],"tags":[],"class_list":["post-32960","post","type-post","status-publish","format-standard","has-post-thumbnail","hentry","category-politicas-publicas"],"_links":{"self":[{"href":"https:\/\/www.elpolitologoyelpolitico.com.ar\/wordpress\/wp-json\/wp\/v2\/posts\/32960","targetHints":{"allow":["GET"]}}],"collection":[{"href":"https:\/\/www.elpolitologoyelpolitico.com.ar\/wordpress\/wp-json\/wp\/v2\/posts"}],"about":[{"href":"https:\/\/www.elpolitologoyelpolitico.com.ar\/wordpress\/wp-json\/wp\/v2\/types\/post"}],"author":[{"embeddable":true,"href":"https:\/\/www.elpolitologoyelpolitico.com.ar\/wordpress\/wp-json\/wp\/v2\/users\/4"}],"replies":[{"embeddable":true,"href":"https:\/\/www.elpolitologoyelpolitico.com.ar\/wordpress\/wp-json\/wp\/v2\/comments?post=32960"}],"version-history":[{"count":0,"href":"https:\/\/www.elpolitologoyelpolitico.com.ar\/wordpress\/wp-json\/wp\/v2\/posts\/32960\/revisions"}],"wp:featuredmedia":[{"embeddable":true,"href":"https:\/\/www.elpolitologoyelpolitico.com.ar\/wordpress\/wp-json\/wp\/v2\/media\/32961"}],"wp:attachment":[{"href":"https:\/\/www.elpolitologoyelpolitico.com.ar\/wordpress\/wp-json\/wp\/v2\/media?parent=32960"}],"wp:term":[{"taxonomy":"category","embeddable":true,"href":"https:\/\/www.elpolitologoyelpolitico.com.ar\/wordpress\/wp-json\/wp\/v2\/categories?post=32960"},{"taxonomy":"post_tag","embeddable":true,"href":"https:\/\/www.elpolitologoyelpolitico.com.ar\/wordpress\/wp-json\/wp\/v2\/tags?post=32960"}],"curies":[{"name":"wp","href":"https:\/\/api.w.org\/{rel}","templated":true}]}}