{"id":32957,"date":"2023-07-29T18:04:25","date_gmt":"2023-07-29T18:04:25","guid":{"rendered":"https:\/\/www.elpolitologoyelpolitico.com.ar\/wordpress\/?p=32957"},"modified":"2023-07-29T18:04:26","modified_gmt":"2023-07-29T18:04:26","slug":"ippv-registra-un-alto-nivel-de-recupero-en-cuotas-de-viviendas","status":"publish","type":"post","link":"https:\/\/www.elpolitologoyelpolitico.com.ar\/wordpress\/2023\/07\/29\/ippv-registra-un-alto-nivel-de-recupero-en-cuotas-de-viviendas\/","title":{"rendered":"IPPV registra un alto nivel de recupero en cuotas de viviendas"},"content":{"rendered":"\n<p>De acuerdo a los informes realizados sobre la recaudaci\u00f3n de fondos en base a cuotas de viviendas, de lotes y cancelaciones de las unidades habitacionales, el Instituto de Planificaci\u00f3n y Promoci\u00f3n de la Vivienda (IPPV) destaca el alto \u00edndice de recupero de la inversi\u00f3n.<\/p>\n\n\n\n<p>Es as\u00ed que, la recaudaci\u00f3n total general, durante el a\u00f1o 2022, fue de $415.000.000, cifra que equivale a casi el 70% de recupero. Desde el a\u00f1o 2019 hasta la fecha se facturaron 3850 operaciones nuevas, entre altas de nuevas viviendas y reactivaci\u00f3n de cuentas a trav\u00e9s de convenios de pagos nuevos.<\/p>\n\n\n\n<p>El total de la recaudaci\u00f3n en unidades habitacionales hasta el mes de enero de este a\u00f1o fue de $48.992.811 y, a trav\u00e9s del programa provincial Suelo Urbano fue de $496.695.<\/p>\n\n\n\n<p>Por su parte, durante el mes de enero fue de $50.349.057; en febrero de $49.807.635; en marzo de $59.214.186; en abril de $59.075.217; y en mayo de $60.176.766.<\/p>\n\n\n\n<p>Estos datos permiten calificar como exitoso el nivel de recupero en lo que va del a\u00f1o 2023.<\/p>\n<div class=\"fb-background-color\">\n\t\t\t  <div \n\t\t\t  \tclass = \"fb-comments\" \n\t\t\t  \tdata-href = \"https:\/\/www.elpolitologoyelpolitico.com.ar\/wordpress\/2023\/07\/29\/ippv-registra-un-alto-nivel-de-recupero-en-cuotas-de-viviendas\/\"\n\t\t\t  \tdata-numposts = \"10\"\n\t\t\t  \tdata-lazy = \"true\"\n\t\t\t\tdata-colorscheme = \"light\"\n\t\t\t\tdata-order-by = \"social\"\n\t\t\t\tdata-mobile=true>\n\t\t\t  <\/div><\/div>\n\t\t  <style>\n\t\t    .fb-background-color {\n\t\t\t\tbackground: #ffffff !important;\n\t\t\t}\n\t\t\t.fb_iframe_widget_fluid_desktop iframe {\n\t\t\t    width: 100% !important;\n\t\t\t}\n\t\t  <\/style>\n\t\t  ","protected":false},"excerpt":{"rendered":"<p>De acuerdo a los informes realizados sobre la recaudaci\u00f3n de fondos en base a cuotas de viviendas, de lotes y cancelaciones de las unidades habitacionales, el Instituto de Planificaci\u00f3n y Promoci\u00f3n de la Vivienda (IPPV) destaca el alto \u00edndice de recupero de la inversi\u00f3n. Es as\u00ed que, la recaudaci\u00f3n total general, durante el a\u00f1o 2022, [&hellip;]<\/p>\n","protected":false},"author":4,"featured_media":32958,"comment_status":"closed","ping_status":"closed","sticky":false,"template":"","format":"standard","meta":{"_joinchat":[],"footnotes":""},"categories":[4],"tags":[],"class_list":["post-32957","post","type-post","status-publish","format-standard","has-post-thumbnail","hentry","category-politicas-publicas"],"_links":{"self":[{"href":"https:\/\/www.elpolitologoyelpolitico.com.ar\/wordpress\/wp-json\/wp\/v2\/posts\/32957","targetHints":{"allow":["GET"]}}],"collection":[{"href":"https:\/\/www.elpolitologoyelpolitico.com.ar\/wordpress\/wp-json\/wp\/v2\/posts"}],"about":[{"href":"https:\/\/www.elpolitologoyelpolitico.com.ar\/wordpress\/wp-json\/wp\/v2\/types\/post"}],"author":[{"embeddable":true,"href":"https:\/\/www.elpolitologoyelpolitico.com.ar\/wordpress\/wp-json\/wp\/v2\/users\/4"}],"replies":[{"embeddable":true,"href":"https:\/\/www.elpolitologoyelpolitico.com.ar\/wordpress\/wp-json\/wp\/v2\/comments?post=32957"}],"version-history":[{"count":0,"href":"https:\/\/www.elpolitologoyelpolitico.com.ar\/wordpress\/wp-json\/wp\/v2\/posts\/32957\/revisions"}],"wp:featuredmedia":[{"embeddable":true,"href":"https:\/\/www.elpolitologoyelpolitico.com.ar\/wordpress\/wp-json\/wp\/v2\/media\/32958"}],"wp:attachment":[{"href":"https:\/\/www.elpolitologoyelpolitico.com.ar\/wordpress\/wp-json\/wp\/v2\/media?parent=32957"}],"wp:term":[{"taxonomy":"category","embeddable":true,"href":"https:\/\/www.elpolitologoyelpolitico.com.ar\/wordpress\/wp-json\/wp\/v2\/categories?post=32957"},{"taxonomy":"post_tag","embeddable":true,"href":"https:\/\/www.elpolitologoyelpolitico.com.ar\/wordpress\/wp-json\/wp\/v2\/tags?post=32957"}],"curies":[{"name":"wp","href":"https:\/\/api.w.org\/{rel}","templated":true}]}}