{"id":32954,"date":"2023-07-29T17:18:55","date_gmt":"2023-07-29T17:18:55","guid":{"rendered":"https:\/\/www.elpolitologoyelpolitico.com.ar\/wordpress\/?p=32954"},"modified":"2023-07-29T17:18:57","modified_gmt":"2023-07-29T17:18:57","slug":"se-viene-la-2da-edicion-del-festival-estallarte-danza","status":"publish","type":"post","link":"https:\/\/www.elpolitologoyelpolitico.com.ar\/wordpress\/2023\/07\/29\/se-viene-la-2da-edicion-del-festival-estallarte-danza\/","title":{"rendered":"Se viene la 2da edici\u00f3n del Festival Estallarte Danza"},"content":{"rendered":"\n<p>El 5 y 6 de agosto en el Centro Municipal de Cultura y en el Polideportivo Angel Cayetano Arias se llevar\u00e1 adelante la 2da edici\u00f3n del Festival Estallarte Danza 2023, con entrada libre y gratuita.<\/p>\n\n\n\n<p>Este a\u00f1o el festival tendr\u00e1 el lema \u201cCuerpo en el Territorio, la Diversidad como eje transversal de nuestra Identidad Cultural Rionegrina\u201d, por esa raz\u00f3n y la particularidad de los 40 a\u00f1os de Democracia, cobrar\u00e1 protagonismo la influencia de la cultura Afro con un Seminario de Candombe y una Obra en escena.<\/p>\n\n\n\n<p>Quienes est\u00e9n interesados en participar podr\u00e1n inscribirse mediante el link: https:\/\/acortar.link\/LRq3F6<\/p>\n\n\n\n<p>Este festival propone un entramado entre los diferentes actores del territorio para visibilizar y fortalecer el v\u00ednculo entre nuestras localidades de Viedma-Patagones desde el Arte y la Cultura.<\/p>\n\n\n\n<p>Durante el festival habr\u00e1 feria de distintos lenguajes art\u00edsticos y expresivos, venta de productos y artesan\u00edas \u00abActivamos la econom\u00eda\u00bb, poes\u00eda, literatura, antropolog\u00eda de los cuerpos, fotograf\u00eda, mercado artesanal, entre otrxs.<\/p>\n\n\n\n<p>Adem\u00e1s habr\u00e1 espacios de reflexi\u00f3n en relaci\u00f3n del cuerpo con las pol\u00edticas de g\u00e9nero, y las culturas afrodescendientes de nuestro territorio por el INADI.<\/p>\n\n\n\n<p>La articulaci\u00f3n de proyectos se realiza con Ensambles de la Orquesta Filarm\u00f3nica de la Secretaria de Estado de Cultura de R\u00edo Negro. Coral de la Universidad de R\u00edo Negro.<\/p>\n\n\n\n<p>El festival es organizado por Compa\u00f1ia Luminar y cuenta con el apoyo del Gobierno de Viedma, la Secretaria de Estado de Cultura de R\u00edo Negro, el Movimiento Cultural R\u00edo Negrino y la red de Festivales de la Fundaci\u00f3n Movimiento Federal de Danza.<\/p>\n\n\n\n<p>PROGRAMACI\u00d3N:<\/p>\n\n\n\n<p>D\u00eda I: 5 de agosto- \/Gimnasio Cayetano Arias- 10:30<\/p>\n\n\n\n<p>Danzas Urbanas 10:30 hs Prof. Danae Rodriguez<\/p>\n\n\n\n<p>T\u00e9cnicas Mixtas 12:30 hs Prof. Daniel Payero Zaragoza<\/p>\n\n\n\n<p>Danza Candombe 14:30 hs. Prof. Victoria Morante N\u00fa\u00f1ez<\/p>\n\n\n\n<p>CONVERSATORIO \u2013 17 hs<br>en el C.U.R.Z.A (Hall de aulas nuevas) de los capacitadores en danza, trayectoria y experiencia abordada (ronda de preguntas).<\/p>\n\n\n\n<p>D\u00eda II: 6 de agosto- 15:30 hs\/Centro Cultural.<\/p>\n\n\n\n<p>17 hs \u2013 Conversatorio sobre trayectorias.<\/p>\n\n\n\n<p>18:30 hs \/Apertura de Artes Esc\u00e9nicas Danza.<br>Cuatro obras locales y regionales.<br>Dos obras invitadas.<\/p>\n\n\n\n<p>DOMINGO 6 de AGOSTO<\/p>\n\n\n\n<p>APERTURA: 15:30 HS Centro Municipal de Cultura de Viedma<br>Feria Intercultural \u201cCuerpo en el Territorio\u201d \u2013 Hall y Sala Biagetti<br>INFANCIAS LIBRES (Org. Familia Arcoiris) diversidad para las infancias.<\/p>\n\n\n\n<p>Familia Arcoiris \/ Danza, Expresi\u00f3n &amp; Diversidad: Pensamos colectivamente acerca de la crianza, la identidad y la expresividad. \u00bfQu\u00e9 espacios reciben a las infancias, las corporalidades, identidades? Coordina Coti Irusta.<\/p>\n\n\n\n<p>Muestra audiovisual + conversa. Antropolog\u00eda del cuerpo: Valeria D \u0301angelo. Champurria: Carla Ruiz. Acompa\u00f1an \u201cProyecto de investigaci\u00f3n sobre racismo en Viedma y Patagones. Mujeres y Territorios en lucha\u201d<\/p>\n\n\n\n<p>PRESENTACI\u00d3N DEL PONCHO Y SU PROCESO CREATIVO.<\/p>\n\n\n\n<p>Por la artesana Ana Nahuel\u00f1ir. Profesora de telar mapuche. A cargo de la directora del Mercado Artesanal. Letizia Candiotti.<\/p>\n\n\n\n<p>MONTAJE DE INSTALACI\u00d3N:<br>\u201cReina la locura\u201d. Ensamble entre ilustraci\u00f3n, poes\u00eda y m\u00fasica.<br>Ilustraci\u00f3n Paula Casas, intervenci\u00f3n Manuela Moreno.<\/p>\n\n\n\n<p>Poes\u00eda Joaquina Camana. Textos Alejandra Pizarnik. Viol\u00edn: Yramal\u00fa G\u00f3mez. Direcci\u00f3n Art\u00edstica: Danila Luz Peralta.<\/p>\n\n\n\n<p>Stands de fotograf\u00eda a cargo de Marcelo Minichelli y expositores en madera, textil, cer\u00e1mica, vitrofusi\u00f3n del Colectivo ArteSano con venta de productos.<\/p>\n\n\n\n<p>CIERRE: Coro de la Universidad de R\u00edo Negro<\/p>\n\n\n\n<p>PRESENTACI\u00d3N DE OBRAS EN ESCENA \u2013 18.30- Escenario mayor<br>Efecto Rebote\u201d. Cia Luminar de Danza teatro. Dir. Danila Luz Peralta\u201c Mar\u00eda\u201d. El Cardo Ballet Folkl\u00f3rico. Dir. Facundo D\u00edaz Maidana \u201cTukulpan\u201d. Compa\u00f1\u00eda de Teatro Curruf. Obra de Teatro mapuche. Dir. Celeste Ardaiz G\u00fcenumil \u201cHistoria de viajes\u201d. C\u00eda MOVA Danza Contempor\u00e1nea. Dir Agostina Xandri \u201cSe\u00f1ales de humo\u201d. Danza teatro. Dir. Daniel Payero Zaragoza\u201c Debut\u201d. Danza Contempor\u00e1nea. Dir. Facundo Firmapaz. \u201cLiberta\u201d. Danza Afrocontempor\u00e1nea. Dir. Victoria Morante N\u00fa\u00f1ez<\/p>\n<div class=\"fb-background-color\">\n\t\t\t  <div \n\t\t\t  \tclass = \"fb-comments\" \n\t\t\t  \tdata-href = \"https:\/\/www.elpolitologoyelpolitico.com.ar\/wordpress\/2023\/07\/29\/se-viene-la-2da-edicion-del-festival-estallarte-danza\/\"\n\t\t\t  \tdata-numposts = \"10\"\n\t\t\t  \tdata-lazy = \"true\"\n\t\t\t\tdata-colorscheme = \"light\"\n\t\t\t\tdata-order-by = \"social\"\n\t\t\t\tdata-mobile=true>\n\t\t\t  <\/div><\/div>\n\t\t  <style>\n\t\t    .fb-background-color {\n\t\t\t\tbackground: #ffffff !important;\n\t\t\t}\n\t\t\t.fb_iframe_widget_fluid_desktop iframe {\n\t\t\t    width: 100% !important;\n\t\t\t}\n\t\t  <\/style>\n\t\t  ","protected":false},"excerpt":{"rendered":"<p>El 5 y 6 de agosto en el Centro Municipal de Cultura y en el Polideportivo Angel Cayetano Arias se llevar\u00e1 adelante la 2da edici\u00f3n del Festival Estallarte Danza 2023, con entrada libre y gratuita. Este a\u00f1o el festival tendr\u00e1 el lema \u201cCuerpo en el Territorio, la Diversidad como eje transversal de nuestra Identidad Cultural [&hellip;]<\/p>\n","protected":false},"author":4,"featured_media":32955,"comment_status":"closed","ping_status":"closed","sticky":false,"template":"","format":"standard","meta":{"_joinchat":[],"footnotes":""},"categories":[39],"tags":[],"class_list":["post-32954","post","type-post","status-publish","format-standard","has-post-thumbnail","hentry","category-en-esta-seccion"],"_links":{"self":[{"href":"https:\/\/www.elpolitologoyelpolitico.com.ar\/wordpress\/wp-json\/wp\/v2\/posts\/32954","targetHints":{"allow":["GET"]}}],"collection":[{"href":"https:\/\/www.elpolitologoyelpolitico.com.ar\/wordpress\/wp-json\/wp\/v2\/posts"}],"about":[{"href":"https:\/\/www.elpolitologoyelpolitico.com.ar\/wordpress\/wp-json\/wp\/v2\/types\/post"}],"author":[{"embeddable":true,"href":"https:\/\/www.elpolitologoyelpolitico.com.ar\/wordpress\/wp-json\/wp\/v2\/users\/4"}],"replies":[{"embeddable":true,"href":"https:\/\/www.elpolitologoyelpolitico.com.ar\/wordpress\/wp-json\/wp\/v2\/comments?post=32954"}],"version-history":[{"count":0,"href":"https:\/\/www.elpolitologoyelpolitico.com.ar\/wordpress\/wp-json\/wp\/v2\/posts\/32954\/revisions"}],"wp:featuredmedia":[{"embeddable":true,"href":"https:\/\/www.elpolitologoyelpolitico.com.ar\/wordpress\/wp-json\/wp\/v2\/media\/32955"}],"wp:attachment":[{"href":"https:\/\/www.elpolitologoyelpolitico.com.ar\/wordpress\/wp-json\/wp\/v2\/media?parent=32954"}],"wp:term":[{"taxonomy":"category","embeddable":true,"href":"https:\/\/www.elpolitologoyelpolitico.com.ar\/wordpress\/wp-json\/wp\/v2\/categories?post=32954"},{"taxonomy":"post_tag","embeddable":true,"href":"https:\/\/www.elpolitologoyelpolitico.com.ar\/wordpress\/wp-json\/wp\/v2\/tags?post=32954"}],"curies":[{"name":"wp","href":"https:\/\/api.w.org\/{rel}","templated":true}]}}