{"id":32945,"date":"2023-07-29T15:27:23","date_gmt":"2023-07-29T15:27:23","guid":{"rendered":"https:\/\/www.elpolitologoyelpolitico.com.ar\/wordpress\/?p=32945"},"modified":"2023-07-29T16:03:07","modified_gmt":"2023-07-29T16:03:07","slug":"la-precandidata-a-intendenta-susana-lopez-presento-su-lista-y-propuestas-en-stroeder","status":"publish","type":"post","link":"https:\/\/www.elpolitologoyelpolitico.com.ar\/wordpress\/2023\/07\/29\/la-precandidata-a-intendenta-susana-lopez-presento-su-lista-y-propuestas-en-stroeder\/","title":{"rendered":"La precandidata a Intendenta Susana Lopez present\u00f3 su lista y propuestas en Stroeder"},"content":{"rendered":"\n<p>La Polit\u00f3loga y directora del Cens 452 Susana Lopez, present\u00f3 su lista y propuestas a los vecinos de Stroeder.<\/p>\n\n\n\n<p>Estuvo presente el precandidato a Concejal Jose San Martin, Oscar Eberling y varios candidatos de la lista.<\/p>\n\n\n\n<p>Durante la campa\u00f1a electoral, Susana Lopez estuvo reunida con los trabajadores de SITRAIC PATAGONES y vecinos de Carmen de Patagones.<\/p>\n\n\n\n<figure class=\"wp-block-image size-full\"><img fetchpriority=\"high\" decoding=\"async\" width=\"720\" height=\"480\" src=\"https:\/\/www.elpolitologoyelpolitico.com.ar\/wp-content\/uploads\/2023\/07\/IMG-20230729-WA0004-1.jpg\" alt=\"\" class=\"wp-image-32951\" srcset=\"https:\/\/www.elpolitologoyelpolitico.com.ar\/wp-content\/uploads\/2023\/07\/IMG-20230729-WA0004-1.jpg 720w, https:\/\/www.elpolitologoyelpolitico.com.ar\/wp-content\/uploads\/2023\/07\/IMG-20230729-WA0004-1-300x200.jpg 300w\" sizes=\"(max-width: 720px) 100vw, 720px\" \/><\/figure>\n\n\n\n<p>Algunas de las propuestas de la lista N\u00b0 6 son:<\/p>\n\n\n\n<p>DELEGACIONES MUNICIPALES<br>\u25cf Promover la Participaci\u00f3n Ciudadana a traves de la direcci\u00f3n directa de los Delegados y generar autonomia financiera en las delegaciones.<\/p>\n\n\n\n<p>MEDIO AMBIENTE<br>\u25cf Fomentar la participaci\u00f3n Social en materia ambiental y apuntar a la utilizaci\u00f3n de energias limpias.<\/p>\n\n\n\n<p>CULTURA<br>\u25cf Fomentar circuitos culturales p\u00fablico- privado, poner en valor el museo historico y crear conciencia colectiva sobre la preservaci\u00f3n del patrimonio Cultural.<\/p>\n\n\n\n<p>TRABAJO Y EMPLEO<br>\u25cf Promover la inserci\u00f3n de trabajadores desocupados mejorando las competencias laborales.<\/p>\n\n\n\n<p>\u25cf Acompa\u00f1ar a jovenes emprendedores y promover trabajo autogestionado.<\/p>\n\n\n\n<p>DEPORTES<br>\u25cf Impulsar la construcci\u00f3n de los playones deportivos<\/p>\n\n\n\n<p>VIVIENDA<br>\u25cf Generar programas de microcr\u00e9ditos para la construcci\u00f3n y refacci\u00f3n de viviendas.<\/p>\n\n\n\n<p>EDUCACI\u00d3N<br>\u25cf Priorizar la educaci\u00f3n en sus tres niveles: econ\u00f3mico, social y ambiente.<\/p>\n\n\n\n<p>\u25cf Organizar las instituciones educativas para que atiendan las diversas necesidades y lograr as\u00ed una educaci\u00f3n inclusiva y de calidad.<\/p>\n\n\n\n<p>\u25cf Brindar posibilidades de formaci\u00f3n para el trabajo destinado a adolescentes, j\u00f3venes, adultos y adultos mayores.<\/p>\n\n\n\n<p>TURISMO<br>\u25cf Generar estrategias para el desarrollo turistico.<\/p>\n\n\n\n<p>\u25cf Impulsar el desarrollo regional o end\u00f3geno y promover la infraestructura fisica y tecnologica.<\/p>\n\n\n\n<p>\u25cfEstimular la implementaci\u00f3n de rutas turisticas para dar a conocer los lugares atractivos de la regi\u00f3n Bah\u00eda San Blas, Villa 7 de Marzo, Los Positos, etc.<\/p>\n\n\n\n<p>SALUD P\u00daBLICA<br>\u25cf Promover la carrera hospitalaria.<\/p>\n\n\n\n<p>\u25cf Implusar la jerarquizaci\u00f3n del empleado de Salud.<\/p>\n\n\n\n<p>\u25cfPromover la descentralizacion hospitalaria.<\/p>\n\n\n\n<figure class=\"wp-block-video\"><video height=\"848\" style=\"aspect-ratio: 480 \/ 848;\" width=\"480\" controls src=\"https:\/\/www.elpolitologoyelpolitico.com.ar\/wp-content\/uploads\/2023\/07\/VID-20230729-WA0005-1.mp4\"><\/video><\/figure>\n<div class=\"fb-background-color\">\n\t\t\t  <div \n\t\t\t  \tclass = \"fb-comments\" \n\t\t\t  \tdata-href = \"https:\/\/www.elpolitologoyelpolitico.com.ar\/wordpress\/2023\/07\/29\/la-precandidata-a-intendenta-susana-lopez-presento-su-lista-y-propuestas-en-stroeder\/\"\n\t\t\t  \tdata-numposts = \"10\"\n\t\t\t  \tdata-lazy = \"true\"\n\t\t\t\tdata-colorscheme = \"light\"\n\t\t\t\tdata-order-by = \"social\"\n\t\t\t\tdata-mobile=true>\n\t\t\t  <\/div><\/div>\n\t\t  <style>\n\t\t    .fb-background-color {\n\t\t\t\tbackground: #ffffff !important;\n\t\t\t}\n\t\t\t.fb_iframe_widget_fluid_desktop iframe {\n\t\t\t    width: 100% !important;\n\t\t\t}\n\t\t  <\/style>\n\t\t  ","protected":false},"excerpt":{"rendered":"<p>La Polit\u00f3loga y directora del Cens 452 Susana Lopez, present\u00f3 su lista y propuestas a los vecinos de Stroeder. Estuvo presente el precandidato a Concejal Jose San Martin, Oscar Eberling y varios candidatos de la lista. Durante la campa\u00f1a electoral, Susana Lopez estuvo reunida con los trabajadores de SITRAIC PATAGONES y vecinos de Carmen de [&hellip;]<\/p>\n","protected":false},"author":4,"featured_media":32949,"comment_status":"closed","ping_status":"closed","sticky":false,"template":"","format":"standard","meta":{"_joinchat":[],"footnotes":""},"categories":[38],"tags":[],"class_list":["post-32945","post","type-post","status-publish","format-standard","has-post-thumbnail","hentry","category-elecciones"],"_links":{"self":[{"href":"https:\/\/www.elpolitologoyelpolitico.com.ar\/wordpress\/wp-json\/wp\/v2\/posts\/32945","targetHints":{"allow":["GET"]}}],"collection":[{"href":"https:\/\/www.elpolitologoyelpolitico.com.ar\/wordpress\/wp-json\/wp\/v2\/posts"}],"about":[{"href":"https:\/\/www.elpolitologoyelpolitico.com.ar\/wordpress\/wp-json\/wp\/v2\/types\/post"}],"author":[{"embeddable":true,"href":"https:\/\/www.elpolitologoyelpolitico.com.ar\/wordpress\/wp-json\/wp\/v2\/users\/4"}],"replies":[{"embeddable":true,"href":"https:\/\/www.elpolitologoyelpolitico.com.ar\/wordpress\/wp-json\/wp\/v2\/comments?post=32945"}],"version-history":[{"count":0,"href":"https:\/\/www.elpolitologoyelpolitico.com.ar\/wordpress\/wp-json\/wp\/v2\/posts\/32945\/revisions"}],"wp:featuredmedia":[{"embeddable":true,"href":"https:\/\/www.elpolitologoyelpolitico.com.ar\/wordpress\/wp-json\/wp\/v2\/media\/32949"}],"wp:attachment":[{"href":"https:\/\/www.elpolitologoyelpolitico.com.ar\/wordpress\/wp-json\/wp\/v2\/media?parent=32945"}],"wp:term":[{"taxonomy":"category","embeddable":true,"href":"https:\/\/www.elpolitologoyelpolitico.com.ar\/wordpress\/wp-json\/wp\/v2\/categories?post=32945"},{"taxonomy":"post_tag","embeddable":true,"href":"https:\/\/www.elpolitologoyelpolitico.com.ar\/wordpress\/wp-json\/wp\/v2\/tags?post=32945"}],"curies":[{"name":"wp","href":"https:\/\/api.w.org\/{rel}","templated":true}]}}