{"id":32932,"date":"2023-07-28T21:54:51","date_gmt":"2023-07-28T21:54:51","guid":{"rendered":"https:\/\/www.elpolitologoyelpolitico.com.ar\/wordpress\/?p=32932"},"modified":"2023-07-28T21:54:52","modified_gmt":"2023-07-28T21:54:52","slug":"claudio-espinosa-fue-una-reunion-muy-positiva","status":"publish","type":"post","link":"https:\/\/www.elpolitologoyelpolitico.com.ar\/wordpress\/2023\/07\/28\/claudio-espinosa-fue-una-reunion-muy-positiva\/","title":{"rendered":"CLAUDIO ESPINOSA \u201cFue una reuni\u00f3n muy positiva\u201d"},"content":{"rendered":"\n<p>El presidente de la Asociaci\u00f3n de Clubes barriales de futbol de Patagones Claudio Espinosa se reuni\u00f3 junto a la Presidenta del Club La Loma Paola Sosa con el Intendente de Patagones Jos\u00e9 Luis Zara y otras autoridades del municipio.<\/p>\n\n\n\n<p>Uno de los temas que se trato en la reuni\u00f3n fue la construcci\u00f3n de la futura sede de la asociaci\u00f3n de futbol en Patagones \u201cYa tenemos el terreno y hablamos sobre el avance para la futura sede y los pasos a seguir de aqu\u00ed en adelante\u201d.<br>&nbsp;<br>Hay que recordar que por primera vez, los clubes de futbol barrial de patagones van a tener un espacio para poder utilizarlo.<br>&nbsp;<br>&nbsp;Por otra parte Espinosa indico \u201cEste fin de semana se juegan los cuartos de final y ya nos organizamos con las canchas\u201d<\/p>\n\n\n\n<p>Agrego \u201cLas finales en segunda y primera divisi\u00f3n se van a jugar despues de las elecciones del 13 de agosto en la cancha municipal de Patagones\u201d.<br>&nbsp;<br>Por ultimo resalto la final de la categor\u00eda veteranos jugado el fin de semana en cancha de Villa Morando \u201cFue una fiesta lo que se vivi\u00f3 el domingo e ingresaron mas de 1200 personas al predio y eso es algo hist\u00f3rico para el futbol de veteranos\u201d.<\/p>\n<div class=\"fb-background-color\">\n\t\t\t  <div \n\t\t\t  \tclass = \"fb-comments\" \n\t\t\t  \tdata-href = \"https:\/\/www.elpolitologoyelpolitico.com.ar\/wordpress\/2023\/07\/28\/claudio-espinosa-fue-una-reunion-muy-positiva\/\"\n\t\t\t  \tdata-numposts = \"10\"\n\t\t\t  \tdata-lazy = \"true\"\n\t\t\t\tdata-colorscheme = \"light\"\n\t\t\t\tdata-order-by = \"social\"\n\t\t\t\tdata-mobile=true>\n\t\t\t  <\/div><\/div>\n\t\t  <style>\n\t\t    .fb-background-color {\n\t\t\t\tbackground: #ffffff !important;\n\t\t\t}\n\t\t\t.fb_iframe_widget_fluid_desktop iframe {\n\t\t\t    width: 100% !important;\n\t\t\t}\n\t\t  <\/style>\n\t\t  ","protected":false},"excerpt":{"rendered":"<p>El presidente de la Asociaci\u00f3n de Clubes barriales de futbol de Patagones Claudio Espinosa se reuni\u00f3 junto a la Presidenta del Club La Loma Paola Sosa con el Intendente de Patagones Jos\u00e9 Luis Zara y otras autoridades del municipio. Uno de los temas que se trato en la reuni\u00f3n fue la construcci\u00f3n de la futura [&hellip;]<\/p>\n","protected":false},"author":4,"featured_media":32933,"comment_status":"closed","ping_status":"closed","sticky":false,"template":"","format":"standard","meta":{"_joinchat":[],"footnotes":""},"categories":[39],"tags":[],"class_list":["post-32932","post","type-post","status-publish","format-standard","has-post-thumbnail","hentry","category-en-esta-seccion"],"_links":{"self":[{"href":"https:\/\/www.elpolitologoyelpolitico.com.ar\/wordpress\/wp-json\/wp\/v2\/posts\/32932","targetHints":{"allow":["GET"]}}],"collection":[{"href":"https:\/\/www.elpolitologoyelpolitico.com.ar\/wordpress\/wp-json\/wp\/v2\/posts"}],"about":[{"href":"https:\/\/www.elpolitologoyelpolitico.com.ar\/wordpress\/wp-json\/wp\/v2\/types\/post"}],"author":[{"embeddable":true,"href":"https:\/\/www.elpolitologoyelpolitico.com.ar\/wordpress\/wp-json\/wp\/v2\/users\/4"}],"replies":[{"embeddable":true,"href":"https:\/\/www.elpolitologoyelpolitico.com.ar\/wordpress\/wp-json\/wp\/v2\/comments?post=32932"}],"version-history":[{"count":0,"href":"https:\/\/www.elpolitologoyelpolitico.com.ar\/wordpress\/wp-json\/wp\/v2\/posts\/32932\/revisions"}],"wp:featuredmedia":[{"embeddable":true,"href":"https:\/\/www.elpolitologoyelpolitico.com.ar\/wordpress\/wp-json\/wp\/v2\/media\/32933"}],"wp:attachment":[{"href":"https:\/\/www.elpolitologoyelpolitico.com.ar\/wordpress\/wp-json\/wp\/v2\/media?parent=32932"}],"wp:term":[{"taxonomy":"category","embeddable":true,"href":"https:\/\/www.elpolitologoyelpolitico.com.ar\/wordpress\/wp-json\/wp\/v2\/categories?post=32932"},{"taxonomy":"post_tag","embeddable":true,"href":"https:\/\/www.elpolitologoyelpolitico.com.ar\/wordpress\/wp-json\/wp\/v2\/tags?post=32932"}],"curies":[{"name":"wp","href":"https:\/\/api.w.org\/{rel}","templated":true}]}}