{"id":32925,"date":"2023-07-28T20:47:10","date_gmt":"2023-07-28T20:47:10","guid":{"rendered":"https:\/\/www.elpolitologoyelpolitico.com.ar\/wordpress\/?p=32925"},"modified":"2023-07-28T20:47:12","modified_gmt":"2023-07-28T20:47:12","slug":"con-una-importante-convocatoria-se-realizo-el-taller-de-introduccion-al-patrimonio-cultural-en-patagones","status":"publish","type":"post","link":"https:\/\/www.elpolitologoyelpolitico.com.ar\/wordpress\/2023\/07\/28\/con-una-importante-convocatoria-se-realizo-el-taller-de-introduccion-al-patrimonio-cultural-en-patagones\/","title":{"rendered":"Con una importante convocatoria, se realiz\u00f3 el Taller de Introducci\u00f3n al Patrimonio Cultural en Patagones"},"content":{"rendered":"\n<p>La Direcci\u00f3n de Cultura recibi\u00f3 este jueves a la Dra. Mar\u00eda Antonieta Jimenez Izarraraz, antrop\u00f3loga especialista en la Protecci\u00f3n y divulgaci\u00f3n del Patrimonio Cultural, quien brind\u00f3 el Taller de Introducci\u00f3n al Patrimonio Cultural en Patagones.<\/p>\n\n\n\n<p>La actividad tuvo lugar en la Casa de la Cultura y, previo al taller, Jim\u00e9nez visit\u00f3 el Casco Hist\u00f3rico de la ciudad cabecera.<\/p>\n\n\n\n<p>Mar\u00eda Antonieta Jim\u00e9nez Izarraraz es Investigadora Asociada en el Centro de Estudios Arqueol\u00f3gicos del Colegio de Michoac\u00e1n. Doctora en Antropolog\u00eda por la Universidad Nacional Aut\u00f3noma de M\u00e9xico (Instituto de Investigaciones Antropol\u00f3gicas) y se ha desempe\u00f1ado en el estudio del Patrimonio Cultural Arqueol\u00f3gico y en la aplicaci\u00f3n de estrategias de divulgaci\u00f3n cient\u00edfica para su protecci\u00f3n.<\/p>\n\n\n\n<p>Sus publicaciones, terminadas y en proceso, est\u00e1n vinculadas con cuestiones de divulgaci\u00f3n y de protecci\u00f3n del patrimonio cultural.<\/p>\n\n\n\n<p>Adem\u00e1s, Jim\u00e9nez Irraraz es fundadora de Red Patrimonio, una revista Digital de Estudios en Patrimonio Cultural.<\/p>\n\n\n\n<figure class=\"wp-block-image size-large\"><img fetchpriority=\"high\" decoding=\"async\" width=\"1024\" height=\"460\" src=\"https:\/\/www.elpolitologoyelpolitico.com.ar\/wp-content\/uploads\/2023\/07\/IMG-20230728-WA0026-1024x460.jpg\" alt=\"\" class=\"wp-image-32927\" srcset=\"https:\/\/www.elpolitologoyelpolitico.com.ar\/wp-content\/uploads\/2023\/07\/IMG-20230728-WA0026-1024x460.jpg 1024w, https:\/\/www.elpolitologoyelpolitico.com.ar\/wp-content\/uploads\/2023\/07\/IMG-20230728-WA0026-300x135.jpg 300w, https:\/\/www.elpolitologoyelpolitico.com.ar\/wp-content\/uploads\/2023\/07\/IMG-20230728-WA0026-768x345.jpg 768w, https:\/\/www.elpolitologoyelpolitico.com.ar\/wp-content\/uploads\/2023\/07\/IMG-20230728-WA0026.jpg 1280w\" sizes=\"(max-width: 1024px) 100vw, 1024px\" \/><\/figure>\n<div class=\"fb-background-color\">\n\t\t\t  <div \n\t\t\t  \tclass = \"fb-comments\" \n\t\t\t  \tdata-href = \"https:\/\/www.elpolitologoyelpolitico.com.ar\/wordpress\/2023\/07\/28\/con-una-importante-convocatoria-se-realizo-el-taller-de-introduccion-al-patrimonio-cultural-en-patagones\/\"\n\t\t\t  \tdata-numposts = \"10\"\n\t\t\t  \tdata-lazy = \"true\"\n\t\t\t\tdata-colorscheme = \"light\"\n\t\t\t\tdata-order-by = \"social\"\n\t\t\t\tdata-mobile=true>\n\t\t\t  <\/div><\/div>\n\t\t  <style>\n\t\t    .fb-background-color {\n\t\t\t\tbackground: #ffffff !important;\n\t\t\t}\n\t\t\t.fb_iframe_widget_fluid_desktop iframe {\n\t\t\t    width: 100% !important;\n\t\t\t}\n\t\t  <\/style>\n\t\t  ","protected":false},"excerpt":{"rendered":"<p>La Direcci\u00f3n de Cultura recibi\u00f3 este jueves a la Dra. Mar\u00eda Antonieta Jimenez Izarraraz, antrop\u00f3loga especialista en la Protecci\u00f3n y divulgaci\u00f3n del Patrimonio Cultural, quien brind\u00f3 el Taller de Introducci\u00f3n al Patrimonio Cultural en Patagones. La actividad tuvo lugar en la Casa de la Cultura y, previo al taller, Jim\u00e9nez visit\u00f3 el Casco Hist\u00f3rico de [&hellip;]<\/p>\n","protected":false},"author":4,"featured_media":32926,"comment_status":"closed","ping_status":"closed","sticky":false,"template":"","format":"standard","meta":{"_joinchat":[],"footnotes":""},"categories":[39],"tags":[],"class_list":["post-32925","post","type-post","status-publish","format-standard","has-post-thumbnail","hentry","category-en-esta-seccion"],"_links":{"self":[{"href":"https:\/\/www.elpolitologoyelpolitico.com.ar\/wordpress\/wp-json\/wp\/v2\/posts\/32925","targetHints":{"allow":["GET"]}}],"collection":[{"href":"https:\/\/www.elpolitologoyelpolitico.com.ar\/wordpress\/wp-json\/wp\/v2\/posts"}],"about":[{"href":"https:\/\/www.elpolitologoyelpolitico.com.ar\/wordpress\/wp-json\/wp\/v2\/types\/post"}],"author":[{"embeddable":true,"href":"https:\/\/www.elpolitologoyelpolitico.com.ar\/wordpress\/wp-json\/wp\/v2\/users\/4"}],"replies":[{"embeddable":true,"href":"https:\/\/www.elpolitologoyelpolitico.com.ar\/wordpress\/wp-json\/wp\/v2\/comments?post=32925"}],"version-history":[{"count":0,"href":"https:\/\/www.elpolitologoyelpolitico.com.ar\/wordpress\/wp-json\/wp\/v2\/posts\/32925\/revisions"}],"wp:featuredmedia":[{"embeddable":true,"href":"https:\/\/www.elpolitologoyelpolitico.com.ar\/wordpress\/wp-json\/wp\/v2\/media\/32926"}],"wp:attachment":[{"href":"https:\/\/www.elpolitologoyelpolitico.com.ar\/wordpress\/wp-json\/wp\/v2\/media?parent=32925"}],"wp:term":[{"taxonomy":"category","embeddable":true,"href":"https:\/\/www.elpolitologoyelpolitico.com.ar\/wordpress\/wp-json\/wp\/v2\/categories?post=32925"},{"taxonomy":"post_tag","embeddable":true,"href":"https:\/\/www.elpolitologoyelpolitico.com.ar\/wordpress\/wp-json\/wp\/v2\/tags?post=32925"}],"curies":[{"name":"wp","href":"https:\/\/api.w.org\/{rel}","templated":true}]}}