{"id":32921,"date":"2023-07-28T17:58:03","date_gmt":"2023-07-28T17:58:03","guid":{"rendered":"https:\/\/www.elpolitologoyelpolitico.com.ar\/wordpress\/?p=32921"},"modified":"2023-07-28T17:58:04","modified_gmt":"2023-07-28T17:58:04","slug":"ricardo-marino-se-reunio-con-vecinos-de-villalonga-y-presento-la-lista-de-cara-a-las-elecciones-2023","status":"publish","type":"post","link":"https:\/\/www.elpolitologoyelpolitico.com.ar\/wordpress\/2023\/07\/28\/ricardo-marino-se-reunio-con-vecinos-de-villalonga-y-presento-la-lista-de-cara-a-las-elecciones-2023\/","title":{"rendered":"Ricardo Marino se reuni\u00f3 con vecinos de Villalonga y present\u00f3 la lista de cara a las elecciones 2023"},"content":{"rendered":"\n<p>Ricardo Marino oficializ\u00f3 en Villalonga la lista de precandidatos a concejales y consejeros escolares que lo acompa\u00f1aran de cara a las PASO el pr\u00f3ximo 13 de Agosto<\/p>\n\n\n\n<p>Los vecinos de Villalonga acompa\u00f1aron con su presencia, as\u00ed como lo hicieron en cada localidad donde la lista fue presentada.<\/p>\n\n\n\n<p>Marino abri\u00f3 el acto acompa\u00f1ado por la concejal en funciones por el Bloque Frente Renovador &#8211; Uni\u00f3n por la Patria, Mariel Cinirella, y precandidatos a concejal 1\u00ba Lugar Cristian Duarte, y consejera escolar Flavia Bertoya.<\/p>\n\n\n\n<p>Se encontraban presentes quienes los acompa\u00f1an en la lista, amigos y vecinos.<\/p>\n\n\n\n<p>A lo largo de la presentaci\u00f3n dio a conocer ejes de campa\u00f1a, basados en proyectos ya presentados en el Concejo Deliberante y en lo que el pueblo necesita como as\u00ed lo expreso:<\/p>\n\n\n\n<p>\u2705Mejorar la situaci\u00f3n salarial de los empleados municipales.<\/p>\n\n\n\n<p>\u2705La defensa de los derechos obtenidos como patag\u00f3nicos.<\/p>\n\n\n\n<p>\u2705La descentralizaci\u00f3n de la Secretaria de Servicios.<\/p>\n\n\n\n<p>\u2705Generar las Cooperativas de trabajo para los j\u00f3venes.<\/p>\n\n\n\n<p>\u2705Instalaci\u00f3n fija de la VTV.<\/p>\n\n\n\n<p>\u2705Gestionar los recursos econ\u00f3micos para finalizar la Terminal de \u00d3mnibus de Villalonga y remodelar la terminal de Stroeder.<\/p>\n\n\n\n<p>\u2705Mantener en estado \u00f3ptimo los caminos rurales.<\/p>\n\n\n\n<p>\u2705Creaci\u00f3n de mataderos en el interior.<\/p>\n\n\n\n<p>\u2705Gestionar los recursos econ\u00f3micos para materializar el acueducto para dotar de agua a las distintas localidades del interior.<\/p>\n\n\n\n<p>\u2705Mantener la limpieza y el buen estado de los barrios, bien iluminados, parquizado, entre otros.<\/p>\n\n\n\n<p>\u2705Gestionar la creaci\u00f3n de viviendas sociales, aprovechando la tierra disponible.<\/p>\n\n\n\n<p>Por otra parte, la concejal Cinirella se dirigi\u00f3 a los presentes y respaldo la trayectoria del compa\u00f1ero Ricardo Marino enfatizando \u201cquien no conoce a Ricardo Marino\u201d.<\/p>\n\n\n\n<p>Asimismo, el precandidato a consejero escolar en 3\u00ba lugar, Ra\u00fal Rosemberg, remarco la sensibilidad de Marino plasmada en sus proyectos al buscar mejorar la situaci\u00f3n social de los que menos tienen, e insisti\u00f3 que su proyecto pol\u00edtico incluir\u00e1 a todos los sectores sociales.<\/p>\n\n\n\n<figure class=\"wp-block-image size-large\"><img fetchpriority=\"high\" decoding=\"async\" width=\"1024\" height=\"769\" src=\"https:\/\/www.elpolitologoyelpolitico.com.ar\/wp-content\/uploads\/2023\/07\/IMG-20230728-WA0023-1024x769.jpg\" alt=\"\" class=\"wp-image-32923\" srcset=\"https:\/\/www.elpolitologoyelpolitico.com.ar\/wp-content\/uploads\/2023\/07\/IMG-20230728-WA0023-1024x769.jpg 1024w, https:\/\/www.elpolitologoyelpolitico.com.ar\/wp-content\/uploads\/2023\/07\/IMG-20230728-WA0023-300x225.jpg 300w, https:\/\/www.elpolitologoyelpolitico.com.ar\/wp-content\/uploads\/2023\/07\/IMG-20230728-WA0023-768x576.jpg 768w, https:\/\/www.elpolitologoyelpolitico.com.ar\/wp-content\/uploads\/2023\/07\/IMG-20230728-WA0023-1536x1153.jpg 1536w, https:\/\/www.elpolitologoyelpolitico.com.ar\/wp-content\/uploads\/2023\/07\/IMG-20230728-WA0023.jpg 1600w\" sizes=\"(max-width: 1024px) 100vw, 1024px\" \/><\/figure>\n<div class=\"fb-background-color\">\n\t\t\t  <div \n\t\t\t  \tclass = \"fb-comments\" \n\t\t\t  \tdata-href = \"https:\/\/www.elpolitologoyelpolitico.com.ar\/wordpress\/2023\/07\/28\/ricardo-marino-se-reunio-con-vecinos-de-villalonga-y-presento-la-lista-de-cara-a-las-elecciones-2023\/\"\n\t\t\t  \tdata-numposts = \"10\"\n\t\t\t  \tdata-lazy = \"true\"\n\t\t\t\tdata-colorscheme = \"light\"\n\t\t\t\tdata-order-by = \"social\"\n\t\t\t\tdata-mobile=true>\n\t\t\t  <\/div><\/div>\n\t\t  <style>\n\t\t    .fb-background-color {\n\t\t\t\tbackground: #ffffff !important;\n\t\t\t}\n\t\t\t.fb_iframe_widget_fluid_desktop iframe {\n\t\t\t    width: 100% !important;\n\t\t\t}\n\t\t  <\/style>\n\t\t  ","protected":false},"excerpt":{"rendered":"<p>Ricardo Marino oficializ\u00f3 en Villalonga la lista de precandidatos a concejales y consejeros escolares que lo acompa\u00f1aran de cara a las PASO el pr\u00f3ximo 13 de Agosto Los vecinos de Villalonga acompa\u00f1aron con su presencia, as\u00ed como lo hicieron en cada localidad donde la lista fue presentada. Marino abri\u00f3 el acto acompa\u00f1ado por la concejal [&hellip;]<\/p>\n","protected":false},"author":4,"featured_media":32922,"comment_status":"closed","ping_status":"closed","sticky":false,"template":"","format":"standard","meta":{"_joinchat":[],"footnotes":""},"categories":[38],"tags":[],"class_list":["post-32921","post","type-post","status-publish","format-standard","has-post-thumbnail","hentry","category-elecciones"],"_links":{"self":[{"href":"https:\/\/www.elpolitologoyelpolitico.com.ar\/wordpress\/wp-json\/wp\/v2\/posts\/32921","targetHints":{"allow":["GET"]}}],"collection":[{"href":"https:\/\/www.elpolitologoyelpolitico.com.ar\/wordpress\/wp-json\/wp\/v2\/posts"}],"about":[{"href":"https:\/\/www.elpolitologoyelpolitico.com.ar\/wordpress\/wp-json\/wp\/v2\/types\/post"}],"author":[{"embeddable":true,"href":"https:\/\/www.elpolitologoyelpolitico.com.ar\/wordpress\/wp-json\/wp\/v2\/users\/4"}],"replies":[{"embeddable":true,"href":"https:\/\/www.elpolitologoyelpolitico.com.ar\/wordpress\/wp-json\/wp\/v2\/comments?post=32921"}],"version-history":[{"count":0,"href":"https:\/\/www.elpolitologoyelpolitico.com.ar\/wordpress\/wp-json\/wp\/v2\/posts\/32921\/revisions"}],"wp:featuredmedia":[{"embeddable":true,"href":"https:\/\/www.elpolitologoyelpolitico.com.ar\/wordpress\/wp-json\/wp\/v2\/media\/32922"}],"wp:attachment":[{"href":"https:\/\/www.elpolitologoyelpolitico.com.ar\/wordpress\/wp-json\/wp\/v2\/media?parent=32921"}],"wp:term":[{"taxonomy":"category","embeddable":true,"href":"https:\/\/www.elpolitologoyelpolitico.com.ar\/wordpress\/wp-json\/wp\/v2\/categories?post=32921"},{"taxonomy":"post_tag","embeddable":true,"href":"https:\/\/www.elpolitologoyelpolitico.com.ar\/wordpress\/wp-json\/wp\/v2\/tags?post=32921"}],"curies":[{"name":"wp","href":"https:\/\/api.w.org\/{rel}","templated":true}]}}