{"id":32908,"date":"2023-07-28T15:59:50","date_gmt":"2023-07-28T15:59:50","guid":{"rendered":"https:\/\/www.elpolitologoyelpolitico.com.ar\/wordpress\/?p=32908"},"modified":"2023-07-28T15:59:52","modified_gmt":"2023-07-28T15:59:52","slug":"el-intendente-zara-visito-la-obra-de-construccion-del-nuevo-edificio-para-el-centro-de-atencion-temprana-n1","status":"publish","type":"post","link":"https:\/\/www.elpolitologoyelpolitico.com.ar\/wordpress\/2023\/07\/28\/el-intendente-zara-visito-la-obra-de-construccion-del-nuevo-edificio-para-el-centro-de-atencion-temprana-n1\/","title":{"rendered":"El Intendente Zara visit\u00f3 la obra de construcci\u00f3n del nuevo edificio para el Centro de Atenci\u00f3n Temprana N\u00b01"},"content":{"rendered":"\n<p>El Intendente Municipal, Ing. Jos\u00e9 Luis Zara, acompa\u00f1ado por el Secretario y el subsecretario de Obras P\u00fablicas, Jorge Isaac y Roberto Haure, respectivamente, visit\u00f3 la obra de construcci\u00f3n del nuevo edificio para el Centro de Atenci\u00f3n Temprana N\u00b01, de Carmen de Patagones.<\/p>\n\n\n\n<p>El edificio, ubicado en la esquina de las calles Bynon y Lavalle, en inmediaciones del hospital Dr. \u201cPedro Ecay\u201d, cuenta con un importante porcentaje de avance y contempla la construcci\u00f3n de m\u00e1s de 350 metros2 cubiertos, con cuatro aulas, seis sanitarios, c\u00e1mara gesell, SUM, oficinas y cocina.<\/p>\n\n\n\n<p>En el lugar, el jefe comunal dialog\u00f3 con trabajadores y representantes de la empresa a cargo de la obra.<\/p>\n\n\n\n<p>El nuevo espacio es financiado a trav\u00e9s del Fondo Educativo Municipal, con una inversi\u00f3n superior a los cincuenta millones de pesos.<\/p>\n\n\n\n<div class=\"wp-block-columns is-layout-flex wp-container-core-columns-is-layout-28f84493 wp-block-columns-is-layout-flex\">\n<div class=\"wp-block-column is-layout-flow wp-block-column-is-layout-flow\" style=\"flex-basis:100%\">\n<figure class=\"wp-block-gallery has-nested-images columns-default is-cropped wp-block-gallery-1 is-layout-flex wp-block-gallery-is-layout-flex\">\n<figure class=\"wp-block-image size-large\"><img fetchpriority=\"high\" decoding=\"async\" width=\"478\" height=\"1024\" data-id=\"32910\" src=\"https:\/\/www.elpolitologoyelpolitico.com.ar\/wp-content\/uploads\/2023\/07\/IMG-20230728-WA0013-478x1024.jpg\" alt=\"\" class=\"wp-image-32910\" srcset=\"https:\/\/www.elpolitologoyelpolitico.com.ar\/wp-content\/uploads\/2023\/07\/IMG-20230728-WA0013-478x1024.jpg 478w, https:\/\/www.elpolitologoyelpolitico.com.ar\/wp-content\/uploads\/2023\/07\/IMG-20230728-WA0013-140x300.jpg 140w, https:\/\/www.elpolitologoyelpolitico.com.ar\/wp-content\/uploads\/2023\/07\/IMG-20230728-WA0013-717x1536.jpg 717w, https:\/\/www.elpolitologoyelpolitico.com.ar\/wp-content\/uploads\/2023\/07\/IMG-20230728-WA0013.jpg 747w\" sizes=\"(max-width: 478px) 100vw, 478px\" \/><\/figure>\n\n\n\n<figure class=\"wp-block-image size-large\"><img decoding=\"async\" width=\"478\" height=\"1024\" data-id=\"32911\" src=\"https:\/\/www.elpolitologoyelpolitico.com.ar\/wp-content\/uploads\/2023\/07\/IMG-20230728-WA0012-478x1024.jpg\" alt=\"\" class=\"wp-image-32911\" srcset=\"https:\/\/www.elpolitologoyelpolitico.com.ar\/wp-content\/uploads\/2023\/07\/IMG-20230728-WA0012-478x1024.jpg 478w, https:\/\/www.elpolitologoyelpolitico.com.ar\/wp-content\/uploads\/2023\/07\/IMG-20230728-WA0012-140x300.jpg 140w, https:\/\/www.elpolitologoyelpolitico.com.ar\/wp-content\/uploads\/2023\/07\/IMG-20230728-WA0012-717x1536.jpg 717w, https:\/\/www.elpolitologoyelpolitico.com.ar\/wp-content\/uploads\/2023\/07\/IMG-20230728-WA0012.jpg 747w\" sizes=\"(max-width: 478px) 100vw, 478px\" \/><\/figure>\n<\/figure>\n<\/div>\n<\/div>\n<div class=\"fb-background-color\">\n\t\t\t  <div \n\t\t\t  \tclass = \"fb-comments\" \n\t\t\t  \tdata-href = \"https:\/\/www.elpolitologoyelpolitico.com.ar\/wordpress\/2023\/07\/28\/el-intendente-zara-visito-la-obra-de-construccion-del-nuevo-edificio-para-el-centro-de-atencion-temprana-n1\/\"\n\t\t\t  \tdata-numposts = \"10\"\n\t\t\t  \tdata-lazy = \"true\"\n\t\t\t\tdata-colorscheme = \"light\"\n\t\t\t\tdata-order-by = \"social\"\n\t\t\t\tdata-mobile=true>\n\t\t\t  <\/div><\/div>\n\t\t  <style>\n\t\t    .fb-background-color {\n\t\t\t\tbackground: #ffffff !important;\n\t\t\t}\n\t\t\t.fb_iframe_widget_fluid_desktop iframe {\n\t\t\t    width: 100% !important;\n\t\t\t}\n\t\t  <\/style>\n\t\t  ","protected":false},"excerpt":{"rendered":"<p>El Intendente Municipal, Ing. Jos\u00e9 Luis Zara, acompa\u00f1ado por el Secretario y el subsecretario de Obras P\u00fablicas, Jorge Isaac y Roberto Haure, respectivamente, visit\u00f3 la obra de construcci\u00f3n del nuevo edificio para el Centro de Atenci\u00f3n Temprana N\u00b01, de Carmen de Patagones. El edificio, ubicado en la esquina de las calles Bynon y Lavalle, en [&hellip;]<\/p>\n","protected":false},"author":4,"featured_media":32909,"comment_status":"closed","ping_status":"closed","sticky":false,"template":"","format":"standard","meta":{"_joinchat":[],"footnotes":""},"categories":[4],"tags":[],"class_list":["post-32908","post","type-post","status-publish","format-standard","has-post-thumbnail","hentry","category-politicas-publicas"],"_links":{"self":[{"href":"https:\/\/www.elpolitologoyelpolitico.com.ar\/wordpress\/wp-json\/wp\/v2\/posts\/32908","targetHints":{"allow":["GET"]}}],"collection":[{"href":"https:\/\/www.elpolitologoyelpolitico.com.ar\/wordpress\/wp-json\/wp\/v2\/posts"}],"about":[{"href":"https:\/\/www.elpolitologoyelpolitico.com.ar\/wordpress\/wp-json\/wp\/v2\/types\/post"}],"author":[{"embeddable":true,"href":"https:\/\/www.elpolitologoyelpolitico.com.ar\/wordpress\/wp-json\/wp\/v2\/users\/4"}],"replies":[{"embeddable":true,"href":"https:\/\/www.elpolitologoyelpolitico.com.ar\/wordpress\/wp-json\/wp\/v2\/comments?post=32908"}],"version-history":[{"count":0,"href":"https:\/\/www.elpolitologoyelpolitico.com.ar\/wordpress\/wp-json\/wp\/v2\/posts\/32908\/revisions"}],"wp:featuredmedia":[{"embeddable":true,"href":"https:\/\/www.elpolitologoyelpolitico.com.ar\/wordpress\/wp-json\/wp\/v2\/media\/32909"}],"wp:attachment":[{"href":"https:\/\/www.elpolitologoyelpolitico.com.ar\/wordpress\/wp-json\/wp\/v2\/media?parent=32908"}],"wp:term":[{"taxonomy":"category","embeddable":true,"href":"https:\/\/www.elpolitologoyelpolitico.com.ar\/wordpress\/wp-json\/wp\/v2\/categories?post=32908"},{"taxonomy":"post_tag","embeddable":true,"href":"https:\/\/www.elpolitologoyelpolitico.com.ar\/wordpress\/wp-json\/wp\/v2\/tags?post=32908"}],"curies":[{"name":"wp","href":"https:\/\/api.w.org\/{rel}","templated":true}]}}