{"id":32900,"date":"2023-07-28T15:34:29","date_gmt":"2023-07-28T15:34:29","guid":{"rendered":"https:\/\/www.elpolitologoyelpolitico.com.ar\/wordpress\/?p=32900"},"modified":"2023-07-28T15:34:30","modified_gmt":"2023-07-28T15:34:30","slug":"julio-cierra-con-una-gran-agenda-cultural-para-toda-la-familia","status":"publish","type":"post","link":"https:\/\/www.elpolitologoyelpolitico.com.ar\/wordpress\/2023\/07\/28\/julio-cierra-con-una-gran-agenda-cultural-para-toda-la-familia\/","title":{"rendered":"Julio cierra con una gran agenda cultural para toda la familia"},"content":{"rendered":"\n<p>En General Roca y Viedma, los m\u00e1s chicos podr\u00e1n disfrutar del concierto \u201cCarnaval de los animales\u201d de la Orquesta Filarm\u00f3nica de R\u00edo Negro; en Allen y Choele Choel estar\u00e1 disponible para visitar la muestra \u201cDinosaurios y otras bestias prehist\u00f3ricas\u201d y en Luis Beltr\u00e1n ni\u00f1os, ni\u00f1as y adultos mayores podr\u00e1n participar de propuestas de teatro y danza. Vos, \u00bfQu\u00e9 eleg\u00eds para divertirte esta semana?<\/p>\n\n\n\n<p>Agenda 28 de julio al 3 de agosto<\/p>\n\n\n\n<ul class=\"wp-block-list\">\n<li>General Roca<\/li>\n<\/ul>\n\n\n\n<p>\u25cf Viernes 28<\/p>\n\n\n\n<p>20 hs &#8211; Concierto \u201cCarnaval de los animales\u201d de la Orquesta Filarm\u00f3nica de R\u00edo Negro.<br>Casa de la Cultura (9 de Julio 1043).<\/p>\n\n\n\n<p>Hasta el 18 de agosto<\/p>\n\n\n\n<p>9 a 16 hs &#8211; Exposici\u00f3n del Poncho Rionegrino.<\/p>\n\n\n\n<p>Museo Patag\u00f3nico de Ciencias Naturales Juan Carlos Salgado (Av. Julio A. Roca 1250).<\/p>\n\n\n\n<p>-Viedma<\/p>\n\n\n\n<p>\u25cf Mi\u00e9rcoles 2<\/p>\n\n\n\n<p>20 hs &#8211;&nbsp; Concierto \u201cCarnaval de los animales\u201d de la Orquesta Filarm\u00f3nica de R\u00edo Negro.<br>Centro Municipal de Cultura (Gallardo 550).<\/p>\n\n\n\n<p>\u25cf Jueves 3&nbsp;<\/p>\n\n\n\n<p>18 hs &#8211; Concierto \u201cCarnaval de los animales\u201d de la Orquesta Filarm\u00f3nica de R\u00edo Negro.<\/p>\n\n\n\n<p>20 hs &#8211; Concierto \u201cCarnaval de los animales\u201d de la Orquesta Filarm\u00f3nica de R\u00edo Negro.<br>Centro Municipal de Cultura (Gallardo 550).<\/p>\n\n\n\n<p>\u25cf Viernes 21 y viernes 28<\/p>\n\n\n\n<p>11:00 hs &#8211; Taller gratuito de fanzine.<\/p>\n\n\n\n<p>Librer\u00eda Don Quijote (Buenos Aires 483) Organiza: Residencia Interdisciplinaria de Salud Mental Comunitaria.<\/p>\n\n\n\n<p>\u25cf Lunes a viernes<\/p>\n\n\n\n<p>9 a 18 hs &#8211; Muestra \u201cVoces y Tinta: el Periodismo en Viedma\u201d.<\/p>\n\n\n\n<p>Museo Jos\u00e9 Eugenio Tello (San Mart\u00edn 360).<\/p>\n\n\n\n<p>Entrada libre y gratuita.<\/p>\n\n\n\n<ul class=\"wp-block-list\">\n<li>Allen<\/li>\n<\/ul>\n\n\n\n<p>\u25cf Hasta el domingo 30<\/p>\n\n\n\n<p>9 a 16 hs &#8211; Muestra \u201cDinosaurios y otras bestias prehist\u00f3ricas\u201d.<\/p>\n\n\n\n<p>Estaci\u00f3n Cultural (Eva Per\u00f3n 302).<br>Entrada libre y gratuita.<\/p>\n\n\n\n<p>-Choele Choel<\/p>\n\n\n\n<p>\u25cf 1 al 12 de agosto<\/p>\n\n\n\n<p>9 a 12 hs y de 14 a 17 hs<br>Muestra \u201cDinosaurios y otras bestias prehist\u00f3ricas\u201d.<\/p>\n\n\n\n<p>Biblioteca Popular Nicol\u00e1s Avellaneda (Nicol\u00e1s Palacios 365).<\/p>\n\n\n\n<ul class=\"wp-block-list\">\n<li>Luis Beltr\u00e1n<\/li>\n<\/ul>\n\n\n\n<p>\u25cf Viernes 28<\/p>\n\n\n\n<p>21 hs &#8211; Obra de teatro \u201cOnelli\u201d.<br>Teatro&nbsp; El Galp\u00f3n (Saavedra 78).<\/p>\n\n\n\n<p>\u25cf Lunes 31<\/p>\n\n\n\n<p>19:30 hs &#8211; Clases de danza contempor\u00e1nea.<\/p>\n\n\n\n<p>Teatro&nbsp; El Galp\u00f3n (Saavedra 78).<br>Reservas al tel\u00e9fono 2984317255.<\/p>\n\n\n\n<p>\u25cf Jueves 3&nbsp;<\/p>\n\n\n\n<p>18:30 hs &#8211; Taller de Teatro para ni\u00f1os y ni\u00f1as de 9 a 12 a\u00f1os.<\/p>\n\n\n\n<p>Teatro El Galp\u00f3n (Saavedra 78).<\/p>\n\n\n\n<p>Entrada libre y gratuita.<\/p>\n\n\n\n<p>\u25cf Jueves 3 de agosto<\/p>\n\n\n\n<p>10 a 11:30 hs &#8211; Taller de danza-teatro dirigido a personas mayores de 60 a\u00f1os.<\/p>\n\n\n\n<p>Teatro El Galp\u00f3n (Saavedra 78).<br>Informes e inscripciones al correo romximena@gmail.com<br>Pilcaniyeu<\/p>\n\n\n\n<p>\u25cf Viernes 28 y s\u00e1bado 29<\/p>\n\n\n\n<p>9 hs &#8211; Capacitaci\u00f3n en Fieltro H\u00famedo.<\/p>\n\n\n\n<p>Sal\u00f3n Municipal.<\/p>\n\n\n\n<ul class=\"wp-block-list\">\n<li>Bariloche<\/li>\n<\/ul>\n\n\n\n<p>Hasta el 31 de julio<\/p>\n\n\n\n<p>Muestra fotogr\u00e1fica \u201cOjo al Sur\u201d.<\/p>\n\n\n\n<p>\u25cf Lunes a viernes de 8 a 13 hs.<br>Sala Panozzi (Centro Administrativo Provincial, Onelli 1450).<br>Entrada libre y gratuita.<\/p>\n\n\n\n<p>3 al 6 de agosto<\/p>\n\n\n\n<p>\u25cfFiesta Nacional de la Nieve.<br>Cerro Catedral | Centro C\u00edvico | Gimnasio N\u00ba 1.<br>&nbsp;<\/p>\n<div class=\"fb-background-color\">\n\t\t\t  <div \n\t\t\t  \tclass = \"fb-comments\" \n\t\t\t  \tdata-href = \"https:\/\/www.elpolitologoyelpolitico.com.ar\/wordpress\/2023\/07\/28\/julio-cierra-con-una-gran-agenda-cultural-para-toda-la-familia\/\"\n\t\t\t  \tdata-numposts = \"10\"\n\t\t\t  \tdata-lazy = \"true\"\n\t\t\t\tdata-colorscheme = \"light\"\n\t\t\t\tdata-order-by = \"social\"\n\t\t\t\tdata-mobile=true>\n\t\t\t  <\/div><\/div>\n\t\t  <style>\n\t\t    .fb-background-color {\n\t\t\t\tbackground: #ffffff !important;\n\t\t\t}\n\t\t\t.fb_iframe_widget_fluid_desktop iframe {\n\t\t\t    width: 100% !important;\n\t\t\t}\n\t\t  <\/style>\n\t\t  ","protected":false},"excerpt":{"rendered":"<p>En General Roca y Viedma, los m\u00e1s chicos podr\u00e1n disfrutar del concierto \u201cCarnaval de los animales\u201d de la Orquesta Filarm\u00f3nica de R\u00edo Negro; en Allen y Choele Choel estar\u00e1 disponible para visitar la muestra \u201cDinosaurios y otras bestias prehist\u00f3ricas\u201d y en Luis Beltr\u00e1n ni\u00f1os, ni\u00f1as y adultos mayores podr\u00e1n participar de propuestas de teatro y [&hellip;]<\/p>\n","protected":false},"author":4,"featured_media":32901,"comment_status":"closed","ping_status":"closed","sticky":false,"template":"","format":"standard","meta":{"_joinchat":[],"footnotes":""},"categories":[4],"tags":[],"class_list":["post-32900","post","type-post","status-publish","format-standard","has-post-thumbnail","hentry","category-politicas-publicas"],"_links":{"self":[{"href":"https:\/\/www.elpolitologoyelpolitico.com.ar\/wordpress\/wp-json\/wp\/v2\/posts\/32900","targetHints":{"allow":["GET"]}}],"collection":[{"href":"https:\/\/www.elpolitologoyelpolitico.com.ar\/wordpress\/wp-json\/wp\/v2\/posts"}],"about":[{"href":"https:\/\/www.elpolitologoyelpolitico.com.ar\/wordpress\/wp-json\/wp\/v2\/types\/post"}],"author":[{"embeddable":true,"href":"https:\/\/www.elpolitologoyelpolitico.com.ar\/wordpress\/wp-json\/wp\/v2\/users\/4"}],"replies":[{"embeddable":true,"href":"https:\/\/www.elpolitologoyelpolitico.com.ar\/wordpress\/wp-json\/wp\/v2\/comments?post=32900"}],"version-history":[{"count":0,"href":"https:\/\/www.elpolitologoyelpolitico.com.ar\/wordpress\/wp-json\/wp\/v2\/posts\/32900\/revisions"}],"wp:featuredmedia":[{"embeddable":true,"href":"https:\/\/www.elpolitologoyelpolitico.com.ar\/wordpress\/wp-json\/wp\/v2\/media\/32901"}],"wp:attachment":[{"href":"https:\/\/www.elpolitologoyelpolitico.com.ar\/wordpress\/wp-json\/wp\/v2\/media?parent=32900"}],"wp:term":[{"taxonomy":"category","embeddable":true,"href":"https:\/\/www.elpolitologoyelpolitico.com.ar\/wordpress\/wp-json\/wp\/v2\/categories?post=32900"},{"taxonomy":"post_tag","embeddable":true,"href":"https:\/\/www.elpolitologoyelpolitico.com.ar\/wordpress\/wp-json\/wp\/v2\/tags?post=32900"}],"curies":[{"name":"wp","href":"https:\/\/api.w.org\/{rel}","templated":true}]}}