{"id":32890,"date":"2023-07-27T21:34:45","date_gmt":"2023-07-27T21:34:45","guid":{"rendered":"https:\/\/www.elpolitologoyelpolitico.com.ar\/wordpress\/?p=32890"},"modified":"2023-07-27T21:34:46","modified_gmt":"2023-07-27T21:34:46","slug":"el-intendente-zara-mantuvo-un-importante-encuentro-con-referentes-de-la-asociacion-liga-barrial-de-futbol","status":"publish","type":"post","link":"https:\/\/www.elpolitologoyelpolitico.com.ar\/wordpress\/2023\/07\/27\/el-intendente-zara-mantuvo-un-importante-encuentro-con-referentes-de-la-asociacion-liga-barrial-de-futbol\/","title":{"rendered":"El Intendente Zara mantuvo un importante encuentro con referentes de la Asociaci\u00f3n Liga Barrial de F\u00fatbol"},"content":{"rendered":"\n<p>El Intendente Municipal, Ing. Jos\u00e9 Luis Zara, recibi\u00f3 a referentes de la Asociaci\u00f3n Liga Barrial de F\u00fatbol de Carmen de Patagones.<\/p>\n\n\n\n<p>El jefe comunal estuvo acompa\u00f1ado por el Secretario de Gobierno, Daniel Paredes, el Subsecretario de Planificaci\u00f3n y Patrimonio Municipal, Juan Carlos Ricca, la Directora de Deportes, Eliana Pugnaloni, y el referente del HCD en el Consejo Municipal del Deporte, Ricardo Angos.<\/p>\n\n\n\n<p>En tanto, por la Asociaci\u00f3n, participaron del encuentro su presidente, Claudio Espinosa, y la secretaria y presidenta del Club Social y Deportivo La Loma, Paola Sosa.<\/p>\n\n\n\n<p>Estuvo presente tambi\u00e9n el representante de las entidades locales en el Consejo Municipal del Deporte. Norberto Schwindt.<\/p>\n\n\n\n<p>Se abordaron temas relacionados al Torneo, relacionados al desarrollo de las instancias finales y se evalu\u00f3 la final de Veteranos.<\/p>\n\n\n\n<p>Adem\u00e1s, se analiz\u00f3 la posibilidad de la construcci\u00f3n de la sede de la Instituci\u00f3n, luego que el municipio le adjudicara la tenencia del terreno y asumiera el compromiso de la confecci\u00f3n de los planos y la memoria descriptiva del proyecto.<\/p>\n<div class=\"fb-background-color\">\n\t\t\t  <div \n\t\t\t  \tclass = \"fb-comments\" \n\t\t\t  \tdata-href = \"https:\/\/www.elpolitologoyelpolitico.com.ar\/wordpress\/2023\/07\/27\/el-intendente-zara-mantuvo-un-importante-encuentro-con-referentes-de-la-asociacion-liga-barrial-de-futbol\/\"\n\t\t\t  \tdata-numposts = \"10\"\n\t\t\t  \tdata-lazy = \"true\"\n\t\t\t\tdata-colorscheme = \"light\"\n\t\t\t\tdata-order-by = \"social\"\n\t\t\t\tdata-mobile=true>\n\t\t\t  <\/div><\/div>\n\t\t  <style>\n\t\t    .fb-background-color {\n\t\t\t\tbackground: #ffffff !important;\n\t\t\t}\n\t\t\t.fb_iframe_widget_fluid_desktop iframe {\n\t\t\t    width: 100% !important;\n\t\t\t}\n\t\t  <\/style>\n\t\t  ","protected":false},"excerpt":{"rendered":"<p>El Intendente Municipal, Ing. Jos\u00e9 Luis Zara, recibi\u00f3 a referentes de la Asociaci\u00f3n Liga Barrial de F\u00fatbol de Carmen de Patagones. El jefe comunal estuvo acompa\u00f1ado por el Secretario de Gobierno, Daniel Paredes, el Subsecretario de Planificaci\u00f3n y Patrimonio Municipal, Juan Carlos Ricca, la Directora de Deportes, Eliana Pugnaloni, y el referente del HCD en [&hellip;]<\/p>\n","protected":false},"author":4,"featured_media":32891,"comment_status":"closed","ping_status":"closed","sticky":false,"template":"","format":"standard","meta":{"_joinchat":[],"footnotes":""},"categories":[39],"tags":[],"class_list":["post-32890","post","type-post","status-publish","format-standard","has-post-thumbnail","hentry","category-en-esta-seccion"],"_links":{"self":[{"href":"https:\/\/www.elpolitologoyelpolitico.com.ar\/wordpress\/wp-json\/wp\/v2\/posts\/32890","targetHints":{"allow":["GET"]}}],"collection":[{"href":"https:\/\/www.elpolitologoyelpolitico.com.ar\/wordpress\/wp-json\/wp\/v2\/posts"}],"about":[{"href":"https:\/\/www.elpolitologoyelpolitico.com.ar\/wordpress\/wp-json\/wp\/v2\/types\/post"}],"author":[{"embeddable":true,"href":"https:\/\/www.elpolitologoyelpolitico.com.ar\/wordpress\/wp-json\/wp\/v2\/users\/4"}],"replies":[{"embeddable":true,"href":"https:\/\/www.elpolitologoyelpolitico.com.ar\/wordpress\/wp-json\/wp\/v2\/comments?post=32890"}],"version-history":[{"count":0,"href":"https:\/\/www.elpolitologoyelpolitico.com.ar\/wordpress\/wp-json\/wp\/v2\/posts\/32890\/revisions"}],"wp:featuredmedia":[{"embeddable":true,"href":"https:\/\/www.elpolitologoyelpolitico.com.ar\/wordpress\/wp-json\/wp\/v2\/media\/32891"}],"wp:attachment":[{"href":"https:\/\/www.elpolitologoyelpolitico.com.ar\/wordpress\/wp-json\/wp\/v2\/media?parent=32890"}],"wp:term":[{"taxonomy":"category","embeddable":true,"href":"https:\/\/www.elpolitologoyelpolitico.com.ar\/wordpress\/wp-json\/wp\/v2\/categories?post=32890"},{"taxonomy":"post_tag","embeddable":true,"href":"https:\/\/www.elpolitologoyelpolitico.com.ar\/wordpress\/wp-json\/wp\/v2\/tags?post=32890"}],"curies":[{"name":"wp","href":"https:\/\/api.w.org\/{rel}","templated":true}]}}