{"id":32887,"date":"2023-07-27T21:19:57","date_gmt":"2023-07-27T21:19:57","guid":{"rendered":"https:\/\/www.elpolitologoyelpolitico.com.ar\/wordpress\/?p=32887"},"modified":"2023-07-27T21:19:59","modified_gmt":"2023-07-27T21:19:59","slug":"con-titeres-gigantes-la-filarmonica-presenta-un-carnaval-de-animales-patagonicos","status":"publish","type":"post","link":"https:\/\/www.elpolitologoyelpolitico.com.ar\/wordpress\/2023\/07\/27\/con-titeres-gigantes-la-filarmonica-presenta-un-carnaval-de-animales-patagonicos\/","title":{"rendered":"Con t\u00edteres gigantes, la Filarm\u00f3nica presenta un Carnaval de Animales Patag\u00f3nicos"},"content":{"rendered":"\n<p>Con entrada libre y gratuita, el mi\u00e9rcoles 2 de agosto a las 20 y el jueves 3 de agosto con doble funci\u00f3n: a las 18 y a las 20, se presenta la Orquesta Filarm\u00f3nica de R\u00edo Negro con un repertorio pensado especialmente para el p\u00fablico infantil.<\/p>\n\n\n\n<p>Bajo la direcci\u00f3n general de Mart\u00edn Fraile Milstein, la direcci\u00f3n musical de Anderson Perea da Silva, la idea y puesta de t\u00edteres de Ayelen Allende, la Filarm\u00f3nica se presentar\u00e1 en el Centro Municipal de Cultura de Viedma.<\/p>\n\n\n\n<p>El Carnaval de los Animales es una suite musical que escribi\u00f3 el compositor franc\u00e9s Camille Saint-Sa\u00ebns en 1886, la cual estar\u00e1 acompa\u00f1ada de un espect\u00e1culo \u00fanico de t\u00edteres gigantes.<\/p>\n\n\n\n<p>Durante las presentaciones no faltar\u00e1n algunos de nuestros animales aut\u00f3ctonos como la mara, el loro barranquero, las martinetas y la ballena franca, los cuales cobrar\u00e1n vida de la mano de los titiriteros David \u00c1vila, Marina Di Giovanni, Agustina Ferrer, Luciano Ju\u00e1rez, Sibel Prieto e Iv\u00e1n Pavletich.<\/p>\n\n\n\n<p>El concierto garantiza 40 minutos de disfrute y entretenimiento tanto para chicos como para grandes.<br>Estas presentaciones son realizadas gracias al trabajo conjunto entre el Gobierno de Viedma y el Gobierno de R\u00edo Negro.<\/p>\n\n\n\n<p>La Orquesta Filarm\u00f3nica de R\u00edo Negro y sus once ensambles regionales son organismos de la Subsecretar\u00eda de la Orquesta Filarm\u00f3nica de la Secretar\u00eda de Estado de Cultura de R\u00edo Negro.<\/p>\n<div class=\"fb-background-color\">\n\t\t\t  <div \n\t\t\t  \tclass = \"fb-comments\" \n\t\t\t  \tdata-href = \"https:\/\/www.elpolitologoyelpolitico.com.ar\/wordpress\/2023\/07\/27\/con-titeres-gigantes-la-filarmonica-presenta-un-carnaval-de-animales-patagonicos\/\"\n\t\t\t  \tdata-numposts = \"10\"\n\t\t\t  \tdata-lazy = \"true\"\n\t\t\t\tdata-colorscheme = \"light\"\n\t\t\t\tdata-order-by = \"social\"\n\t\t\t\tdata-mobile=true>\n\t\t\t  <\/div><\/div>\n\t\t  <style>\n\t\t    .fb-background-color {\n\t\t\t\tbackground: #ffffff !important;\n\t\t\t}\n\t\t\t.fb_iframe_widget_fluid_desktop iframe {\n\t\t\t    width: 100% !important;\n\t\t\t}\n\t\t  <\/style>\n\t\t  ","protected":false},"excerpt":{"rendered":"<p>Con entrada libre y gratuita, el mi\u00e9rcoles 2 de agosto a las 20 y el jueves 3 de agosto con doble funci\u00f3n: a las 18 y a las 20, se presenta la Orquesta Filarm\u00f3nica de R\u00edo Negro con un repertorio pensado especialmente para el p\u00fablico infantil. Bajo la direcci\u00f3n general de Mart\u00edn Fraile Milstein, la [&hellip;]<\/p>\n","protected":false},"author":4,"featured_media":32888,"comment_status":"closed","ping_status":"closed","sticky":false,"template":"","format":"standard","meta":{"_joinchat":[],"footnotes":""},"categories":[39],"tags":[],"class_list":["post-32887","post","type-post","status-publish","format-standard","has-post-thumbnail","hentry","category-en-esta-seccion"],"_links":{"self":[{"href":"https:\/\/www.elpolitologoyelpolitico.com.ar\/wordpress\/wp-json\/wp\/v2\/posts\/32887","targetHints":{"allow":["GET"]}}],"collection":[{"href":"https:\/\/www.elpolitologoyelpolitico.com.ar\/wordpress\/wp-json\/wp\/v2\/posts"}],"about":[{"href":"https:\/\/www.elpolitologoyelpolitico.com.ar\/wordpress\/wp-json\/wp\/v2\/types\/post"}],"author":[{"embeddable":true,"href":"https:\/\/www.elpolitologoyelpolitico.com.ar\/wordpress\/wp-json\/wp\/v2\/users\/4"}],"replies":[{"embeddable":true,"href":"https:\/\/www.elpolitologoyelpolitico.com.ar\/wordpress\/wp-json\/wp\/v2\/comments?post=32887"}],"version-history":[{"count":0,"href":"https:\/\/www.elpolitologoyelpolitico.com.ar\/wordpress\/wp-json\/wp\/v2\/posts\/32887\/revisions"}],"wp:featuredmedia":[{"embeddable":true,"href":"https:\/\/www.elpolitologoyelpolitico.com.ar\/wordpress\/wp-json\/wp\/v2\/media\/32888"}],"wp:attachment":[{"href":"https:\/\/www.elpolitologoyelpolitico.com.ar\/wordpress\/wp-json\/wp\/v2\/media?parent=32887"}],"wp:term":[{"taxonomy":"category","embeddable":true,"href":"https:\/\/www.elpolitologoyelpolitico.com.ar\/wordpress\/wp-json\/wp\/v2\/categories?post=32887"},{"taxonomy":"post_tag","embeddable":true,"href":"https:\/\/www.elpolitologoyelpolitico.com.ar\/wordpress\/wp-json\/wp\/v2\/tags?post=32887"}],"curies":[{"name":"wp","href":"https:\/\/api.w.org\/{rel}","templated":true}]}}